{"id":7322,"date":"2020-07-14T06:57:25","date_gmt":"2020-07-14T04:57:25","guid":{"rendered":"http:\/\/www.tus-oppenau.de\/fussball\/?p=7322"},"modified":"2020-07-14T06:57:25","modified_gmt":"2020-07-14T04:57:25","slug":"jugendtrainerfest-2020","status":"publish","type":"post","link":"https:\/\/www.tus-oppenau.de\/fussball\/2020\/07\/jugendtrainerfest-2020\/","title":{"rendered":"Jugendtrainerfest 2020"},"content":{"rendered":"<p align=\"justify\"><strong>Nach einer vom Corona-Virus gepr\u00e4gten Saison, trafen sich unsere TuS Jugendtrainer im Gasthaus FINKEN zum traditionellen Saisonabschluss.<\/strong><\/p>\n<p align=\"justify\"><a href=\"https:\/\/i0.wp.com\/www.tus-oppenau.de\/fussball\/wp-content\/uploads\/2020\/07\/IMG_7562.jpg?ssl=1\"><img data-recalc-dims=\"1\" loading=\"lazy\" decoding=\"async\" title=\"IMG_7562\" style=\"border-top: 0px; border-right: 0px; background-image: none; border-bottom: 0px; padding-top: 0px; padding-left: 0px; border-left: 0px; display: inline; padding-right: 0px\" border=\"0\" alt=\"IMG_7562\" src=\"https:\/\/i0.wp.com\/www.tus-oppenau.de\/fussball\/wp-content\/uploads\/2020\/07\/IMG_7562_thumb.jpg?resize=474%2C357&#038;ssl=1\" width=\"474\" height=\"357\"><\/a><\/p>\n<p align=\"justify\">Nach einem gem\u00fctlichen Mittag im Biergarten gab es dann abends von Diego und Edith die Paella Reispfannen serviert. Nachdem die Pfannen geleert, der Verdauungs-Schnaps und die letzten Bier getrunken waren, ging\u2019s auf den Heimweg. <\/p>\n<p align=\"justify\"><a href=\"https:\/\/i0.wp.com\/www.tus-oppenau.de\/fussball\/wp-content\/uploads\/2020\/07\/IMG_7565.jpg?ssl=1\"><img data-recalc-dims=\"1\" loading=\"lazy\" decoding=\"async\" title=\"IMG_7565\" style=\"border-top: 0px; border-right: 0px; background-image: none; border-bottom: 0px; padding-top: 0px; padding-left: 0px; border-left: 0px; display: inline; padding-right: 0px\" border=\"0\" alt=\"IMG_7565\" src=\"https:\/\/i0.wp.com\/www.tus-oppenau.de\/fussball\/wp-content\/uploads\/2020\/07\/IMG_7565_thumb.jpg?resize=290%2C219&#038;ssl=1\" width=\"290\" height=\"219\"><\/a>&nbsp; <a href=\"https:\/\/i0.wp.com\/www.tus-oppenau.de\/fussball\/wp-content\/uploads\/2020\/07\/IMG_7563.jpg?ssl=1\"><img data-recalc-dims=\"1\" loading=\"lazy\" decoding=\"async\" title=\"IMG_7563\" style=\"border-top: 0px; border-right: 0px; background-image: none; border-bottom: 0px; padding-top: 0px; padding-left: 0px; border-left: 0px; display: inline; padding-right: 0px\" border=\"0\" alt=\"IMG_7563\" src=\"https:\/\/i0.wp.com\/www.tus-oppenau.de\/fussball\/wp-content\/uploads\/2020\/07\/IMG_7563_thumb.jpg?resize=292%2C220&#038;ssl=1\" width=\"292\" height=\"220\"><\/a><br \/>Unterwegs wurde bei einem Zwischenstopp im Gasthaus SCHL\u00dcSSEL noch der eine oder andere Absacker an der Theke oder beim Dart getrunken.<\/p>\n<p align=\"justify\">Ein sch\u00f6ner Tag ging zu Ende, mit der Hoffnung unserer Trainer auf einen geregelten Ablauf der neuen Saison, ohne gr\u00f6\u00dfere Einschnitte in den Trainings- und Spielbetrieb !!!<\/p>\n<p align=\"justify\"><a href=\"https:\/\/i0.wp.com\/www.tus-oppenau.de\/fussball\/wp-content\/uploads\/2020\/07\/IMG_7564.jpg?ssl=1\"><img data-recalc-dims=\"1\" loading=\"lazy\" decoding=\"async\" title=\"IMG_7564\" style=\"border-top: 0px; border-right: 0px; background-image: none; border-bottom: 0px; padding-top: 0px; padding-left: 0px; border-left: 0px; display: inline; padding-right: 0px\" border=\"0\" alt=\"IMG_7564\" src=\"https:\/\/i0.wp.com\/www.tus-oppenau.de\/fussball\/wp-content\/uploads\/2020\/07\/IMG_7564_thumb.jpg?resize=474%2C291&#038;ssl=1\" width=\"474\" height=\"291\"><\/a><\/p>\n","protected":false},"excerpt":{"rendered":"<p>Nach einer vom Corona-Virus gepr\u00e4gten Saison, trafen sich unsere TuS Jugendtrainer im Gasthaus FINKEN zum traditionellen Saisonabschluss. Nach einem gem\u00fctlichen Mittag im Biergarten gab es dann abends von Diego und Edith die Paella Reispfannen serviert. Nachdem die Pfannen geleert, der Verdauungs-Schnaps und die letzten Bier getrunken waren, ging\u2019s auf den Heimweg. &nbsp; Unterwegs wurde bei &hellip; <a href=\"https:\/\/www.tus-oppenau.de\/fussball\/2020\/07\/jugendtrainerfest-2020\/\" class=\"more-link\"><span class=\"screen-reader-text\">Jugendtrainerfest 2020<\/span> weiterlesen <span class=\"meta-nav\">&rarr;<\/span><\/a><\/p>\n","protected":false},"author":47,"featured_media":0,"comment_status":"closed","ping_status":"open","sticky":false,"template":"","format":"standard","meta":{"_jetpack_memberships_contains_paid_content":false,"footnotes":"","jetpack_publicize_message":"","jetpack_publicize_feature_enabled":true,"jetpack_social_post_already_shared":true,"jetpack_social_options":{"image_generator_settings":{"template":"highway","default_image_id":0,"font":"","enabled":false},"version":2}},"categories":[268,250],"tags":[],"class_list":["post-7322","post","type-post","status-publish","format-standard","hentry","category-jugend","category-veranstaltungen"],"jetpack_publicize_connections":[],"jetpack_featured_media_url":"","jetpack_sharing_enabled":true,"jetpack_likes_enabled":true,"_links":{"self":[{"href":"https:\/\/www.tus-oppenau.de\/fussball\/wp-json\/wp\/v2\/posts\/7322","targetHints":{"allow":["GET"]}}],"collection":[{"href":"https:\/\/www.tus-oppenau.de\/fussball\/wp-json\/wp\/v2\/posts"}],"about":[{"href":"https:\/\/www.tus-oppenau.de\/fussball\/wp-json\/wp\/v2\/types\/post"}],"author":[{"embeddable":true,"href":"https:\/\/www.tus-oppenau.de\/fussball\/wp-json\/wp\/v2\/users\/47"}],"replies":[{"embeddable":true,"href":"https:\/\/www.tus-oppenau.de\/fussball\/wp-json\/wp\/v2\/comments?post=7322"}],"version-history":[{"count":1,"href":"https:\/\/www.tus-oppenau.de\/fussball\/wp-json\/wp\/v2\/posts\/7322\/revisions"}],"predecessor-version":[{"id":7323,"href":"https:\/\/www.tus-oppenau.de\/fussball\/wp-json\/wp\/v2\/posts\/7322\/revisions\/7323"}],"wp:attachment":[{"href":"https:\/\/www.tus-oppenau.de\/fussball\/wp-json\/wp\/v2\/media?parent=7322"}],"wp:term":[{"taxonomy":"category","embeddable":true,"href":"https:\/\/www.tus-oppenau.de\/fussball\/wp-json\/wp\/v2\/categories?post=7322"},{"taxonomy":"post_tag","embeddable":true,"href":"https:\/\/www.tus-oppenau.de\/fussball\/wp-json\/wp\/v2\/tags?post=7322"}],"curies":[{"name":"wp","href":"https:\/\/api.w.org\/{rel}","templated":true}]}}