{"id":7894,"date":"2021-07-30T16:44:00","date_gmt":"2021-07-30T14:44:00","guid":{"rendered":"http:\/\/www.tus-oppenau.de\/fussball\/?p=7894"},"modified":"2021-07-30T16:44:00","modified_gmt":"2021-07-30T14:44:00","slug":"t-shirt-spende-fr-unsere-e-junioren","status":"publish","type":"post","link":"https:\/\/www.tus-oppenau.de\/fussball\/2021\/07\/t-shirt-spende-fr-unsere-e-junioren\/","title":{"rendered":"T-Shirt Spende f&uuml;r unsere E-Junioren"},"content":{"rendered":"<p align=\"justify\"><strong>\u00dcber eine T-Shirt Spende durften sich die E-Junioren freuen. Im Rahmen des Saisonabschlusses auf dem Haldenhof \u00fcberreichte St\u00e9phane Lenzen die T-Shirts aus der Aktion \u201cProfis f\u00fcr die Jugend\u201d.<\/strong> <\/p>\n<p align=\"justify\">Bei dieser Aktion haben verschiedene Profis im Damen- und Herrenbereich Trikots zur Verf\u00fcgung gestellt welche dann versteigert wurden um den Amateurfu\u00dfball zu unterst\u00fctzen. Aus dieses Aktion heraus konnte St\u00e9phane Lenzen dem TuS Oppenau die T-Shirts zur Verf\u00fcgung stellen.<\/p>\n<p align=\"justify\"><a href=\"https:\/\/i0.wp.com\/www.tus-oppenau.de\/fussball\/wp-content\/uploads\/2021\/07\/E-Junioren-tus-oppenau.jpg?ssl=1\"><img data-recalc-dims=\"1\" loading=\"lazy\" decoding=\"async\" title=\"E-Junioren-tus-oppenau\" style=\"border-top: 0px; border-right: 0px; background-image: none; border-bottom: 0px; padding-top: 0px; padding-left: 0px; border-left: 0px; display: inline; padding-right: 0px\" border=\"0\" alt=\"E-Junioren-tus-oppenau\" src=\"https:\/\/i0.wp.com\/www.tus-oppenau.de\/fussball\/wp-content\/uploads\/2021\/07\/E-Junioren-tus-oppenau_thumb.jpg?resize=474%2C253&#038;ssl=1\" width=\"474\" height=\"253\"><\/a><\/p>\n<p align=\"justify\">Die Trainer Rita Huber, Dominik Rohrer, Abit Dauti sowie Vorstand Jugend freuen sich mit den Kindern \u00fcber die sch\u00f6nen T-Shirts.<\/p>\n<p align=\"justify\">Der TuS Oppenau bedankt sich ganz herzlich bei den Initiatoren der Aktion <strong>\u201cProfis f\u00fcr die Jugend\u201d <\/strong>und insbesondere bei St\u00e9phane Lenzen f\u00fcr die Unterst\u00fctzung.<\/p>\n","protected":false},"excerpt":{"rendered":"<p>\u00dcber eine T-Shirt Spende durften sich die E-Junioren freuen. Im Rahmen des Saisonabschlusses auf dem Haldenhof \u00fcberreichte St\u00e9phane Lenzen die T-Shirts aus der Aktion \u201cProfis f\u00fcr die Jugend\u201d. Bei dieser Aktion haben verschiedene Profis im Damen- und Herrenbereich Trikots zur Verf\u00fcgung gestellt welche dann versteigert wurden um den Amateurfu\u00dfball zu unterst\u00fctzen. Aus dieses Aktion heraus &hellip; <a href=\"https:\/\/www.tus-oppenau.de\/fussball\/2021\/07\/t-shirt-spende-fr-unsere-e-junioren\/\" class=\"more-link\"><span class=\"screen-reader-text\">T-Shirt Spende f&uuml;r unsere E-Junioren<\/span> weiterlesen <span class=\"meta-nav\">&rarr;<\/span><\/a><\/p>\n","protected":false},"author":47,"featured_media":0,"comment_status":"closed","ping_status":"open","sticky":false,"template":"","format":"standard","meta":{"_jetpack_memberships_contains_paid_content":false,"footnotes":"","jetpack_publicize_message":"","jetpack_publicize_feature_enabled":true,"jetpack_social_post_already_shared":true,"jetpack_social_options":{"image_generator_settings":{"template":"highway","default_image_id":0,"font":"","enabled":false},"version":2}},"categories":[272],"tags":[],"class_list":["post-7894","post","type-post","status-publish","format-standard","hentry","category-e-junioren"],"jetpack_publicize_connections":[],"jetpack_featured_media_url":"","jetpack_sharing_enabled":true,"jetpack_likes_enabled":true,"_links":{"self":[{"href":"https:\/\/www.tus-oppenau.de\/fussball\/wp-json\/wp\/v2\/posts\/7894","targetHints":{"allow":["GET"]}}],"collection":[{"href":"https:\/\/www.tus-oppenau.de\/fussball\/wp-json\/wp\/v2\/posts"}],"about":[{"href":"https:\/\/www.tus-oppenau.de\/fussball\/wp-json\/wp\/v2\/types\/post"}],"author":[{"embeddable":true,"href":"https:\/\/www.tus-oppenau.de\/fussball\/wp-json\/wp\/v2\/users\/47"}],"replies":[{"embeddable":true,"href":"https:\/\/www.tus-oppenau.de\/fussball\/wp-json\/wp\/v2\/comments?post=7894"}],"version-history":[{"count":1,"href":"https:\/\/www.tus-oppenau.de\/fussball\/wp-json\/wp\/v2\/posts\/7894\/revisions"}],"predecessor-version":[{"id":7895,"href":"https:\/\/www.tus-oppenau.de\/fussball\/wp-json\/wp\/v2\/posts\/7894\/revisions\/7895"}],"wp:attachment":[{"href":"https:\/\/www.tus-oppenau.de\/fussball\/wp-json\/wp\/v2\/media?parent=7894"}],"wp:term":[{"taxonomy":"category","embeddable":true,"href":"https:\/\/www.tus-oppenau.de\/fussball\/wp-json\/wp\/v2\/categories?post=7894"},{"taxonomy":"post_tag","embeddable":true,"href":"https:\/\/www.tus-oppenau.de\/fussball\/wp-json\/wp\/v2\/tags?post=7894"}],"curies":[{"name":"wp","href":"https:\/\/api.w.org\/{rel}","templated":true}]}}