{"id":8728,"date":"2022-10-10T18:40:41","date_gmt":"2022-10-10T16:40:41","guid":{"rendered":"http:\/\/www.tus-oppenau.de\/fussball\/?p=8728"},"modified":"2022-10-16T08:45:27","modified_gmt":"2022-10-16T06:45:27","slug":"g-junioren-spieltag-in-oberkirch","status":"publish","type":"post","link":"https:\/\/www.tus-oppenau.de\/fussball\/2022\/10\/g-junioren-spieltag-in-oberkirch\/","title":{"rendered":"G-Junioren Spieltag in Oberkirch"},"content":{"rendered":"<p align=\"justify\">Beim 1. Fair-Play Spieltag in dieser Runde, traten unsere j\u00fcngsten hochmotiviert beim SV Oberkirch an. Bei bestem Herbstwetter und vielen Zuschauern zeigten unsere Spieler ihr sportliches K\u00f6nnen.<br \/>Zur Belohnung ihrer Leistung gab es am Ende des Spieltages, f\u00fcr jeden Spieler eine hochverdiente Waffel zur St\u00e4rkung.<\/p>\n<p align=\"justify\"><a href=\"https:\/\/i0.wp.com\/www.tus-oppenau.de\/fussball\/wp-content\/uploads\/2022\/10\/Bambinis_1.jpg?ssl=1\"><img data-recalc-dims=\"1\" loading=\"lazy\" decoding=\"async\" title=\"Bambinis_1\" style=\"border-top: 0px; border-right: 0px; background-image: none; border-bottom: 0px; padding-top: 0px; padding-left: 0px; border-left: 0px; display: inline; padding-right: 0px\" border=\"0\" alt=\"Bambinis_1\" src=\"https:\/\/i0.wp.com\/www.tus-oppenau.de\/fussball\/wp-content\/uploads\/2022\/10\/Bambinis_1_thumb.jpg?resize=474%2C278&#038;ssl=1\" width=\"474\" height=\"278\"><\/a><\/p>\n<p align=\"justify\"><a href=\"https:\/\/i0.wp.com\/www.tus-oppenau.de\/fussball\/wp-content\/uploads\/2022\/10\/Bambinis_2.jpg?ssl=1\"><img data-recalc-dims=\"1\" loading=\"lazy\" decoding=\"async\" title=\"Bambinis_2\" style=\"border-top: 0px; border-right: 0px; background-image: none; border-bottom: 0px; padding-top: 0px; padding-left: 0px; border-left: 0px; display: inline; padding-right: 0px\" border=\"0\" alt=\"Bambinis_2\" src=\"https:\/\/i0.wp.com\/www.tus-oppenau.de\/fussball\/wp-content\/uploads\/2022\/10\/Bambinis_2_thumb.jpg?resize=474%2C286&#038;ssl=1\" width=\"474\" height=\"286\"><\/a><\/p>\n<p align=\"justify\"><a href=\"https:\/\/i0.wp.com\/www.tus-oppenau.de\/fussball\/wp-content\/uploads\/2022\/10\/Bambinis_3.jpg?ssl=1\"><img data-recalc-dims=\"1\" loading=\"lazy\" decoding=\"async\" title=\"Bambinis_3\" style=\"border-top: 0px; border-right: 0px; background-image: none; border-bottom: 0px; padding-top: 0px; padding-left: 0px; border-left: 0px; display: inline; padding-right: 0px\" border=\"0\" alt=\"Bambinis_3\" src=\"https:\/\/i0.wp.com\/www.tus-oppenau.de\/fussball\/wp-content\/uploads\/2022\/10\/Bambinis_3_thumb.jpg?resize=306%2C352&#038;ssl=1\" width=\"306\" height=\"352\"><\/a><\/p>\n<p align=\"justify\">Beim Turnier waren aktiv: Bastian B\u00f6rsig, Jeremia Schubert, Lenn Becker, Leonard Biegler, Mara Wild, Rafael Wolfm\u00fcller. <\/p>\n<p align=\"justify\">Die Betreuer unserer Bambinis waren Carina Maier und Daniel Bruder.<\/p>\n","protected":false},"excerpt":{"rendered":"<p>Beim 1. Fair-Play Spieltag in dieser Runde, traten unsere j\u00fcngsten hochmotiviert beim SV Oberkirch an. Bei bestem Herbstwetter und vielen Zuschauern zeigten unsere Spieler ihr sportliches K\u00f6nnen.Zur Belohnung ihrer Leistung gab es am Ende des Spieltages, f\u00fcr jeden Spieler eine hochverdiente Waffel zur St\u00e4rkung. Beim Turnier waren aktiv: Bastian B\u00f6rsig, Jeremia Schubert, Lenn Becker, Leonard &hellip; <a href=\"https:\/\/www.tus-oppenau.de\/fussball\/2022\/10\/g-junioren-spieltag-in-oberkirch\/\" class=\"more-link\"><span class=\"screen-reader-text\">G-Junioren Spieltag in Oberkirch<\/span> weiterlesen <span class=\"meta-nav\">&rarr;<\/span><\/a><\/p>\n","protected":false},"author":47,"featured_media":8724,"comment_status":"closed","ping_status":"open","sticky":false,"template":"","format":"standard","meta":{"_jetpack_memberships_contains_paid_content":false,"footnotes":"","jetpack_publicize_message":"","jetpack_publicize_feature_enabled":true,"jetpack_social_post_already_shared":true,"jetpack_social_options":{"image_generator_settings":{"template":"highway","default_image_id":0,"font":"","enabled":false},"version":2}},"categories":[274],"tags":[],"class_list":["post-8728","post","type-post","status-publish","format-standard","has-post-thumbnail","hentry","category-g-junioren-bambinis"],"jetpack_publicize_connections":[],"jetpack_featured_media_url":"https:\/\/i0.wp.com\/www.tus-oppenau.de\/fussball\/wp-content\/uploads\/2022\/10\/Bambinis_2.jpg?fit=1024%2C615&ssl=1","jetpack_sharing_enabled":true,"jetpack_likes_enabled":true,"_links":{"self":[{"href":"https:\/\/www.tus-oppenau.de\/fussball\/wp-json\/wp\/v2\/posts\/8728","targetHints":{"allow":["GET"]}}],"collection":[{"href":"https:\/\/www.tus-oppenau.de\/fussball\/wp-json\/wp\/v2\/posts"}],"about":[{"href":"https:\/\/www.tus-oppenau.de\/fussball\/wp-json\/wp\/v2\/types\/post"}],"author":[{"embeddable":true,"href":"https:\/\/www.tus-oppenau.de\/fussball\/wp-json\/wp\/v2\/users\/47"}],"replies":[{"embeddable":true,"href":"https:\/\/www.tus-oppenau.de\/fussball\/wp-json\/wp\/v2\/comments?post=8728"}],"version-history":[{"count":1,"href":"https:\/\/www.tus-oppenau.de\/fussball\/wp-json\/wp\/v2\/posts\/8728\/revisions"}],"predecessor-version":[{"id":8729,"href":"https:\/\/www.tus-oppenau.de\/fussball\/wp-json\/wp\/v2\/posts\/8728\/revisions\/8729"}],"wp:featuredmedia":[{"embeddable":true,"href":"https:\/\/www.tus-oppenau.de\/fussball\/wp-json\/wp\/v2\/media\/8724"}],"wp:attachment":[{"href":"https:\/\/www.tus-oppenau.de\/fussball\/wp-json\/wp\/v2\/media?parent=8728"}],"wp:term":[{"taxonomy":"category","embeddable":true,"href":"https:\/\/www.tus-oppenau.de\/fussball\/wp-json\/wp\/v2\/categories?post=8728"},{"taxonomy":"post_tag","embeddable":true,"href":"https:\/\/www.tus-oppenau.de\/fussball\/wp-json\/wp\/v2\/tags?post=8728"}],"curies":[{"name":"wp","href":"https:\/\/api.w.org\/{rel}","templated":true}]}}