{"id":8738,"date":"2022-10-15T15:18:10","date_gmt":"2022-10-15T13:18:10","guid":{"rendered":"http:\/\/www.tus-oppenau.de\/fussball\/?p=8738"},"modified":"2022-10-15T15:18:10","modified_gmt":"2022-10-15T13:18:10","slug":"verbandsehrung-fr-cesare-ruggeri-und-toni-kimmig","status":"publish","type":"post","link":"https:\/\/www.tus-oppenau.de\/fussball\/2022\/10\/verbandsehrung-fr-cesare-ruggeri-und-toni-kimmig\/","title":{"rendered":"Verbandsehrung f&uuml;r Cesare Ruggeri und Toni Kimmig"},"content":{"rendered":"<p align=\"justify\"><strong>Im Rahmen der Ehrungsveranstaltung am 14.10.22 im \u201eKolumbus-Saal\u201c der World of Living bei Weber Haus in Linx wurden unser Jugendleiter Cesare Ruggeri und Toni Kimmig geehrt.<\/strong><\/p>\n<p align=\"justify\">Die Ehrungen nahmen im Beisein des Pr\u00e4sidenten des SBFV Thomas Schmidt&nbsp; der Bezirksvorsitzende des Bezirks Offenburg Heinz Schwab sowie der Ehrenamtsbeauftragte Fritz Wendling vor.<\/p>\n<p align=\"justify\"><a href=\"https:\/\/i0.wp.com\/www.tus-oppenau.de\/fussball\/wp-content\/uploads\/2022\/10\/IMG_1308.jpg?ssl=1\"><img data-recalc-dims=\"1\" loading=\"lazy\" decoding=\"async\" title=\"IMG_1308\" style=\"border-top: 0px; border-right: 0px; background-image: none; border-bottom: 0px; padding-top: 0px; padding-left: 0px; border-left: 0px; display: inline; padding-right: 0px\" border=\"0\" alt=\"IMG_1308\" src=\"https:\/\/i0.wp.com\/www.tus-oppenau.de\/fussball\/wp-content\/uploads\/2022\/10\/IMG_1308_thumb.jpg?resize=474%2C587&#038;ssl=1\" width=\"474\" height=\"587\"><\/a><\/p>\n<p align=\"justify\"><a title=\"https:\/\/offenburg.sbfv.de\/nachricht\/ehrungsveranstaltung-bei-weber-haus-am-freitag-den-14102022\" href=\"https:\/\/offenburg.sbfv.de\/nachricht\/ehrungsveranstaltung-bei-weber-haus-am-freitag-den-14102022\">https:\/\/offenburg.sbfv.de\/nachricht\/ehrungsveranstaltung-bei-weber-haus-am-freitag-den-14102022<\/a><\/p>\n<p align=\"justify\"><strong><u>Cesare Ruggeri<\/u><\/strong> wurde f\u00fcr seine fast 30-j\u00e4hrige ununterbrochene Arbeit als Jugendleiter (seit Dezember 1992)&nbsp; des TuS Oppenau mit der <strong><u>goldenen Verbandsehrennadel<\/u><\/strong> geehrt. <\/p>\n<p align=\"justify\">Er ist in der gew\u00e4hlten Vorstandschaft \u00e4u\u00dferst engagiert t\u00e4tig. In dieser Zeit war er noch mehrere Jahre als Jugendtrainer in verschiedenen Altersklassen engagiert. Die Einf\u00fchrung von verschiedenen Spielgemeinschaften im Juniorenbereich wurde von ihm ma\u00dfgeblich vorangetrieben. Jahr f\u00fcr Jahr sorgt er daf\u00fcr, dass 30 \u2013 40 ehrenamtliche Jugendtrainer- und Betreuer f\u00fcr die einzelnen Jugendmannschaften und SG\u00b4s gefunden werden k\u00f6nnen. Er koordiniert die Jugendtrainer und ist Ansprechperson f\u00fcr deren belange im Verein. Bei den alle zwei Jahre stattfindenden Jugendcamps der Fu\u00dfballschule Renchtal opfert er Urlaubstage und unterst\u00fctzt unseren Vorstand Jugend hervorragend. Bei den Jugendturnieren im Rahmen unseres Sportfestes ist er f\u00fcr die komplette Planung und Abwicklung verantwortlich. Das Erwin-Armbruster-Ged\u00e4chtnisturnier welches in Zusammenarbeit mit der Franz-Rapp-Schule Oppenau seit 27 Jahren stattfindet organisierte er \u00fcber viele Jahre alleine bis sich Unterst\u00fctzung fand. <\/p>\n<p align=\"justify\"><strong><u>Toni Kimmig<\/u><\/strong>&nbsp; wurde f\u00fcr seine \u00fcber 14-j\u00e4hrige ununterbrochene Arbeit als als 3. Vorstand der Abt. Fu\u00dfball und gleichzeitig Spielausschuss&nbsp; des TuS Oppenau mit der <strong><u>Verbandsehrennadel<\/u><\/strong> geehrt.  <\/p>\n<p align=\"justify\">Er ist in der gew\u00e4hlten Vorstandschaft \u00e4u\u00dferst engagiert t\u00e4tig. Er war ma\u00dfgeblich am sportlichen Erfolg unserer drei Senioren-Mannschaften beteiligt. So konnten unter seiner sportlichen Leitung mehrere Meisterschaften in der Bezirks- und Landesliga bei der 1. Mannschaft sowie mehrere Meisterschaften in der Kreisliga B und C der 2. und 3. Mannschaft gefeiert werden.&nbsp; In der ganzen Zeit ist er auch noch bis heute als aktiver Spieler in der 3. Mannschaft t\u00e4gig und es ist seinen unerm\u00fcdlichen Engagement zu verdanken, dass wir bislang noch mit drei Senioren-Mannschaften am Spielbetrieb teilnehmen k\u00f6nnen. Auch f\u00fcr die Damen-Mannschaft und deren Fortbestand in verschiedenen Spielgemeinschaften zeichnet er sich verantwortlich. So ist er unerm\u00fcdlich auf der Suche nach geeigneten und qualifizierten Trainern und Betreuern. <\/p>\n<p align=\"justify\"><a href=\"https:\/\/i0.wp.com\/www.tus-oppenau.de\/fussball\/wp-content\/uploads\/2022\/10\/IMG_1311.jpg?ssl=1\"><img data-recalc-dims=\"1\" loading=\"lazy\" decoding=\"async\" title=\"IMG_1311\" style=\"border-top: 0px; border-right: 0px; background-image: none; border-bottom: 0px; padding-top: 0px; padding-left: 0px; border-left: 0px; display: inline; padding-right: 0px\" border=\"0\" alt=\"IMG_1311\" src=\"https:\/\/i0.wp.com\/www.tus-oppenau.de\/fussball\/wp-content\/uploads\/2022\/10\/IMG_1311_thumb.jpg?resize=296%2C386&#038;ssl=1\" width=\"296\" height=\"386\"><\/a>&nbsp; <a href=\"https:\/\/i0.wp.com\/www.tus-oppenau.de\/fussball\/wp-content\/uploads\/2022\/10\/IMG_1312.jpg?ssl=1\"><img data-recalc-dims=\"1\" loading=\"lazy\" decoding=\"async\" title=\"IMG_1312\" style=\"border-top: 0px; border-right: 0px; background-image: none; border-bottom: 0px; padding-top: 0px; padding-left: 0px; border-left: 0px; display: inline; padding-right: 0px\" border=\"0\" alt=\"IMG_1312\" src=\"https:\/\/i0.wp.com\/www.tus-oppenau.de\/fussball\/wp-content\/uploads\/2022\/10\/IMG_1312_thumb.jpg?resize=301%2C387&#038;ssl=1\" width=\"301\" height=\"387\"><\/a> <\/p>\n<p align=\"center\"><strong>Die Fu\u00dfballabteilung des TuS Oppenau bedankt sich f\u00fcr dieses au\u00dfergew\u00f6hnliche Engagement der beiden \u00fcber viele Jahre und gratuliert ganz herzlich zu diesen Auszeichnungen.<\/strong> <\/p>\n<p align=\"center\"><a href=\"https:\/\/i0.wp.com\/www.tus-oppenau.de\/fussball\/wp-content\/uploads\/2022\/10\/Bild_3.jpg?ssl=1\"><img data-recalc-dims=\"1\" loading=\"lazy\" decoding=\"async\" title=\"Bild_3\" style=\"border-top: 0px; border-right: 0px; background-image: none; border-bottom: 0px; padding-top: 0px; padding-left: 0px; border-left: 0px; display: inline; padding-right: 0px\" border=\"0\" alt=\"Bild_3\" src=\"https:\/\/i0.wp.com\/www.tus-oppenau.de\/fussball\/wp-content\/uploads\/2022\/10\/Bild_3_thumb.jpg?resize=474%2C253&#038;ssl=1\" width=\"474\" height=\"253\"><\/a><\/p>\n","protected":false},"excerpt":{"rendered":"<p>Im Rahmen der Ehrungsveranstaltung am 14.10.22 im \u201eKolumbus-Saal\u201c der World of Living bei Weber Haus in Linx wurden unser Jugendleiter Cesare Ruggeri und Toni Kimmig geehrt. Die Ehrungen nahmen im Beisein des Pr\u00e4sidenten des SBFV Thomas Schmidt&nbsp; der Bezirksvorsitzende des Bezirks Offenburg Heinz Schwab sowie der Ehrenamtsbeauftragte Fritz Wendling vor. https:\/\/offenburg.sbfv.de\/nachricht\/ehrungsveranstaltung-bei-weber-haus-am-freitag-den-14102022 Cesare Ruggeri wurde f\u00fcr &hellip; <a href=\"https:\/\/www.tus-oppenau.de\/fussball\/2022\/10\/verbandsehrung-fr-cesare-ruggeri-und-toni-kimmig\/\" class=\"more-link\"><span class=\"screen-reader-text\">Verbandsehrung f&uuml;r Cesare Ruggeri und Toni Kimmig<\/span> weiterlesen <span class=\"meta-nav\">&rarr;<\/span><\/a><\/p>\n","protected":false},"author":47,"featured_media":0,"comment_status":"closed","ping_status":"open","sticky":false,"template":"","format":"standard","meta":{"_jetpack_memberships_contains_paid_content":false,"footnotes":"","jetpack_publicize_message":"","jetpack_publicize_feature_enabled":true,"jetpack_social_post_already_shared":true,"jetpack_social_options":{"image_generator_settings":{"template":"highway","default_image_id":0,"font":"","enabled":false},"version":2}},"categories":[1,268,250],"tags":[],"class_list":["post-8738","post","type-post","status-publish","format-standard","hentry","category-allgemein","category-jugend","category-veranstaltungen"],"jetpack_publicize_connections":[],"jetpack_featured_media_url":"","jetpack_sharing_enabled":true,"jetpack_likes_enabled":true,"_links":{"self":[{"href":"https:\/\/www.tus-oppenau.de\/fussball\/wp-json\/wp\/v2\/posts\/8738","targetHints":{"allow":["GET"]}}],"collection":[{"href":"https:\/\/www.tus-oppenau.de\/fussball\/wp-json\/wp\/v2\/posts"}],"about":[{"href":"https:\/\/www.tus-oppenau.de\/fussball\/wp-json\/wp\/v2\/types\/post"}],"author":[{"embeddable":true,"href":"https:\/\/www.tus-oppenau.de\/fussball\/wp-json\/wp\/v2\/users\/47"}],"replies":[{"embeddable":true,"href":"https:\/\/www.tus-oppenau.de\/fussball\/wp-json\/wp\/v2\/comments?post=8738"}],"version-history":[{"count":1,"href":"https:\/\/www.tus-oppenau.de\/fussball\/wp-json\/wp\/v2\/posts\/8738\/revisions"}],"predecessor-version":[{"id":8739,"href":"https:\/\/www.tus-oppenau.de\/fussball\/wp-json\/wp\/v2\/posts\/8738\/revisions\/8739"}],"wp:attachment":[{"href":"https:\/\/www.tus-oppenau.de\/fussball\/wp-json\/wp\/v2\/media?parent=8738"}],"wp:term":[{"taxonomy":"category","embeddable":true,"href":"https:\/\/www.tus-oppenau.de\/fussball\/wp-json\/wp\/v2\/categories?post=8738"},{"taxonomy":"post_tag","embeddable":true,"href":"https:\/\/www.tus-oppenau.de\/fussball\/wp-json\/wp\/v2\/tags?post=8738"}],"curies":[{"name":"wp","href":"https:\/\/api.w.org\/{rel}","templated":true}]}}