{"id":8746,"date":"2022-10-29T12:20:11","date_gmt":"2022-10-29T10:20:11","guid":{"rendered":"http:\/\/www.tus-oppenau.de\/fussball\/?p=8746"},"modified":"2022-10-29T12:20:11","modified_gmt":"2022-10-29T10:20:11","slug":"neue-trikots-fr-unsere-e-junioren","status":"publish","type":"post","link":"https:\/\/www.tus-oppenau.de\/fussball\/2022\/10\/neue-trikots-fr-unsere-e-junioren\/","title":{"rendered":"Neue Trikots f&uuml;r unsere E-Junioren"},"content":{"rendered":"<p align=\"justify\">Durch die gro\u00dfz\u00fcgige Unterst\u00fctzung von <strong><a href=\"https:\/\/www.feger.de\/\">Edgar Feger GmbH, Bauunternehmen und Zimmerei<\/a><\/strong> konnten unsere E-Junioren mit einem neuen Trikotsatz ausger\u00fcstet werden. Die Trikots wurden von der Kids bei den gestrigen Spielen gegen den SV Lautenbach erstmals mit viel Stolz getragen und gleich mit zwei 2:1 Siegen auf erfolgreich \u201ceingeweiht\u201d. Tanja Feger ist gemeinsam mit Markus Mayer, Timo Armbruster, Christopher Baumann, Markus M\u00fcller und Volker Streck im Trainerteams bei den E-Junioren engagiert.<\/p>\n<p align=\"justify\"><a href=\"https:\/\/i0.wp.com\/www.tus-oppenau.de\/fussball\/wp-content\/uploads\/2022\/10\/E-Junioren.jpg?ssl=1\"><img data-recalc-dims=\"1\" loading=\"lazy\" decoding=\"async\" title=\"E-Junioren\" style=\"border-top: 0px; border-right: 0px; background-image: none; border-bottom: 0px; padding-top: 0px; padding-left: 0px; border-left: 0px; display: inline; padding-right: 0px\" border=\"0\" alt=\"E-Junioren\" src=\"https:\/\/i0.wp.com\/www.tus-oppenau.de\/fussball\/wp-content\/uploads\/2022\/10\/E-Junioren_thumb.jpg?resize=474%2C274&#038;ssl=1\" width=\"474\" height=\"274\"><\/a><\/p>\n<p align=\"center\"><strong>Der TuS Oppenau bedankt sich ganz herzlich bei Tanja und Markus Feger f\u00fcr die gro\u00dfz\u00fcgige Unterst\u00fctzung.<\/strong><\/p>\n","protected":false},"excerpt":{"rendered":"<p>Durch die gro\u00dfz\u00fcgige Unterst\u00fctzung von Edgar Feger GmbH, Bauunternehmen und Zimmerei konnten unsere E-Junioren mit einem neuen Trikotsatz ausger\u00fcstet werden. Die Trikots wurden von der Kids bei den gestrigen Spielen gegen den SV Lautenbach erstmals mit viel Stolz getragen und gleich mit zwei 2:1 Siegen auf erfolgreich \u201ceingeweiht\u201d. Tanja Feger ist gemeinsam mit Markus Mayer, &hellip; <a href=\"https:\/\/www.tus-oppenau.de\/fussball\/2022\/10\/neue-trikots-fr-unsere-e-junioren\/\" class=\"more-link\"><span class=\"screen-reader-text\">Neue Trikots f&uuml;r unsere E-Junioren<\/span> weiterlesen <span class=\"meta-nav\">&rarr;<\/span><\/a><\/p>\n","protected":false},"author":47,"featured_media":0,"comment_status":"closed","ping_status":"open","sticky":false,"template":"","format":"standard","meta":{"_jetpack_memberships_contains_paid_content":false,"footnotes":"","jetpack_publicize_message":"","jetpack_publicize_feature_enabled":true,"jetpack_social_post_already_shared":true,"jetpack_social_options":{"image_generator_settings":{"template":"highway","default_image_id":0,"font":"","enabled":false},"version":2}},"categories":[272],"tags":[],"class_list":["post-8746","post","type-post","status-publish","format-standard","hentry","category-e-junioren"],"jetpack_publicize_connections":[],"jetpack_featured_media_url":"","jetpack_sharing_enabled":true,"jetpack_likes_enabled":true,"_links":{"self":[{"href":"https:\/\/www.tus-oppenau.de\/fussball\/wp-json\/wp\/v2\/posts\/8746","targetHints":{"allow":["GET"]}}],"collection":[{"href":"https:\/\/www.tus-oppenau.de\/fussball\/wp-json\/wp\/v2\/posts"}],"about":[{"href":"https:\/\/www.tus-oppenau.de\/fussball\/wp-json\/wp\/v2\/types\/post"}],"author":[{"embeddable":true,"href":"https:\/\/www.tus-oppenau.de\/fussball\/wp-json\/wp\/v2\/users\/47"}],"replies":[{"embeddable":true,"href":"https:\/\/www.tus-oppenau.de\/fussball\/wp-json\/wp\/v2\/comments?post=8746"}],"version-history":[{"count":1,"href":"https:\/\/www.tus-oppenau.de\/fussball\/wp-json\/wp\/v2\/posts\/8746\/revisions"}],"predecessor-version":[{"id":8747,"href":"https:\/\/www.tus-oppenau.de\/fussball\/wp-json\/wp\/v2\/posts\/8746\/revisions\/8747"}],"wp:attachment":[{"href":"https:\/\/www.tus-oppenau.de\/fussball\/wp-json\/wp\/v2\/media?parent=8746"}],"wp:term":[{"taxonomy":"category","embeddable":true,"href":"https:\/\/www.tus-oppenau.de\/fussball\/wp-json\/wp\/v2\/categories?post=8746"},{"taxonomy":"post_tag","embeddable":true,"href":"https:\/\/www.tus-oppenau.de\/fussball\/wp-json\/wp\/v2\/tags?post=8746"}],"curies":[{"name":"wp","href":"https:\/\/api.w.org\/{rel}","templated":true}]}}