{"id":8870,"date":"2023-01-18T20:34:17","date_gmt":"2023-01-18T18:34:17","guid":{"rendered":"https:\/\/www.tus-oppenau.de\/fussball\/?p=8870"},"modified":"2023-02-21T20:31:10","modified_gmt":"2023-02-21T18:31:10","slug":"waldspeck-grillen-der-bambini-trainer","status":"publish","type":"post","link":"https:\/\/www.tus-oppenau.de\/fussball\/2023\/01\/waldspeck-grillen-der-bambini-trainer\/","title":{"rendered":"WALDSPECK Grillen der Bambini Trainer"},"content":{"rendered":"<p><strong>Auf Einladung von \u201eOpa-Trainer\u201c Klaus verbrachten unsere Bambini Trainer mit ihren Familien einen gem\u00fctlichen Nachmittag im Webersgrund.<\/strong><\/p>\n<p><a href=\"https:\/\/i0.wp.com\/www.tus-oppenau.de\/fussball\/wp-content\/uploads\/2023\/01\/b805d2de-7d17-4042-b74f-5c8f232e4481.jpg?ssl=1\"><img data-recalc-dims=\"1\" loading=\"lazy\" decoding=\"async\" title=\"b805d2de-7d17-4042-b74f-5c8f232e4481\" style=\"border-top: 0px; border-right: 0px; background-image: none; border-bottom: 0px; padding-top: 0px; padding-left: 0px; border-left: 0px; display: inline; padding-right: 0px\" border=\"0\" alt=\"b805d2de-7d17-4042-b74f-5c8f232e4481\" src=\"https:\/\/i0.wp.com\/www.tus-oppenau.de\/fussball\/wp-content\/uploads\/2023\/01\/b805d2de-7d17-4042-b74f-5c8f232e4481_thumb.jpg?resize=474%2C239&#038;ssl=1\" width=\"474\" height=\"239\"><\/a><\/p>\n<p><a href=\"https:\/\/i0.wp.com\/www.tus-oppenau.de\/fussball\/wp-content\/uploads\/2023\/01\/085462cc-d4c0-44ad-b243-be68999109e0.jpg?ssl=1\"><img data-recalc-dims=\"1\" loading=\"lazy\" decoding=\"async\" title=\"085462cc-d4c0-44ad-b243-be68999109e0\" style=\"border-top: 0px; border-right: 0px; background-image: none; border-bottom: 0px; padding-top: 0px; padding-left: 0px; border-left: 0px; display: inline; padding-right: 0px\" border=\"0\" alt=\"085462cc-d4c0-44ad-b243-be68999109e0\" src=\"https:\/\/i0.wp.com\/www.tus-oppenau.de\/fussball\/wp-content\/uploads\/2023\/01\/085462cc-d4c0-44ad-b243-be68999109e0_thumb.jpg?resize=280%2C336&#038;ssl=1\" width=\"280\" height=\"336\"><\/a>&nbsp;<a href=\"https:\/\/i0.wp.com\/www.tus-oppenau.de\/fussball\/wp-content\/uploads\/2023\/01\/3e9334bd-f07c-411f-a022-5d36bfe6d367.jpg?ssl=1\"><img data-recalc-dims=\"1\" loading=\"lazy\" decoding=\"async\" title=\"3e9334bd-f07c-411f-a022-5d36bfe6d367\" style=\"border-top: 0px; border-right: 0px; background-image: none; border-bottom: 0px; padding-top: 0px; padding-left: 0px; border-left: 0px; display: inline; padding-right: 0px\" border=\"0\" alt=\"3e9334bd-f07c-411f-a022-5d36bfe6d367\" src=\"https:\/\/i0.wp.com\/www.tus-oppenau.de\/fussball\/wp-content\/uploads\/2023\/01\/3e9334bd-f07c-411f-a022-5d36bfe6d367_thumb.jpg?resize=315%2C336&#038;ssl=1\" width=\"315\" height=\"336\"><\/a><\/p>\n<p>Waldspeck, Stockbrot, W\u00fcrstchen und dazu viele Gespr\u00e4chsthemen am Feuer waren eine gelungene Abwechslung in der trainingsfreien Winterpause.<\/p>\n<p>Ein gro\u00dfer Dank geht an unsere Gastgeber <\/p>\n<p>MONI und KLAUS <\/p>\n<p><a href=\"https:\/\/i0.wp.com\/www.tus-oppenau.de\/fussball\/wp-content\/uploads\/2023\/01\/Gastgeber.jpg?ssl=1\"><img data-recalc-dims=\"1\" loading=\"lazy\" decoding=\"async\" title=\"Gastgeber\" style=\"border-top: 0px; border-right: 0px; background-image: none; border-bottom: 0px; padding-top: 0px; padding-left: 0px; border-left: 0px; display: inline; padding-right: 0px\" border=\"0\" alt=\"Gastgeber\" src=\"https:\/\/i0.wp.com\/www.tus-oppenau.de\/fussball\/wp-content\/uploads\/2023\/01\/Gastgeber_thumb.jpg?resize=249%2C339&#038;ssl=1\" width=\"249\" height=\"339\"><\/a><\/p>\n<p>Die Bambinis starten am 1. Februar ins Fu\u00dfballjahr 2023<br \/>\u2026 Training ist dann wie immer mittwochs von 16.45 &#8211; 17.45 Uhr<\/p>\n","protected":false},"excerpt":{"rendered":"<p>Auf Einladung von \u201eOpa-Trainer\u201c Klaus verbrachten unsere Bambini Trainer mit ihren Familien einen gem\u00fctlichen Nachmittag im Webersgrund. &nbsp; Waldspeck, Stockbrot, W\u00fcrstchen und dazu viele Gespr\u00e4chsthemen am Feuer waren eine gelungene Abwechslung in der trainingsfreien Winterpause. Ein gro\u00dfer Dank geht an unsere Gastgeber MONI und KLAUS Die Bambinis starten am 1. Februar ins Fu\u00dfballjahr 2023\u2026 Training &hellip; <a href=\"https:\/\/www.tus-oppenau.de\/fussball\/2023\/01\/waldspeck-grillen-der-bambini-trainer\/\" class=\"more-link\"><span class=\"screen-reader-text\">WALDSPECK Grillen der Bambini Trainer<\/span> weiterlesen <span class=\"meta-nav\">&rarr;<\/span><\/a><\/p>\n","protected":false},"author":47,"featured_media":8862,"comment_status":"closed","ping_status":"open","sticky":false,"template":"","format":"standard","meta":{"_jetpack_memberships_contains_paid_content":false,"footnotes":"","jetpack_publicize_message":"","jetpack_publicize_feature_enabled":true,"jetpack_social_post_already_shared":true,"jetpack_social_options":{"image_generator_settings":{"template":"highway","default_image_id":0,"font":"","enabled":false},"version":2}},"categories":[274],"tags":[],"class_list":["post-8870","post","type-post","status-publish","format-standard","has-post-thumbnail","hentry","category-g-junioren-bambinis"],"jetpack_publicize_connections":[],"jetpack_featured_media_url":"https:\/\/i0.wp.com\/www.tus-oppenau.de\/fussball\/wp-content\/uploads\/2023\/01\/b805d2de-7d17-4042-b74f-5c8f232e4481.jpg?fit=962%2C477&ssl=1","jetpack_sharing_enabled":true,"jetpack_likes_enabled":true,"_links":{"self":[{"href":"https:\/\/www.tus-oppenau.de\/fussball\/wp-json\/wp\/v2\/posts\/8870","targetHints":{"allow":["GET"]}}],"collection":[{"href":"https:\/\/www.tus-oppenau.de\/fussball\/wp-json\/wp\/v2\/posts"}],"about":[{"href":"https:\/\/www.tus-oppenau.de\/fussball\/wp-json\/wp\/v2\/types\/post"}],"author":[{"embeddable":true,"href":"https:\/\/www.tus-oppenau.de\/fussball\/wp-json\/wp\/v2\/users\/47"}],"replies":[{"embeddable":true,"href":"https:\/\/www.tus-oppenau.de\/fussball\/wp-json\/wp\/v2\/comments?post=8870"}],"version-history":[{"count":1,"href":"https:\/\/www.tus-oppenau.de\/fussball\/wp-json\/wp\/v2\/posts\/8870\/revisions"}],"predecessor-version":[{"id":8871,"href":"https:\/\/www.tus-oppenau.de\/fussball\/wp-json\/wp\/v2\/posts\/8870\/revisions\/8871"}],"wp:featuredmedia":[{"embeddable":true,"href":"https:\/\/www.tus-oppenau.de\/fussball\/wp-json\/wp\/v2\/media\/8862"}],"wp:attachment":[{"href":"https:\/\/www.tus-oppenau.de\/fussball\/wp-json\/wp\/v2\/media?parent=8870"}],"wp:term":[{"taxonomy":"category","embeddable":true,"href":"https:\/\/www.tus-oppenau.de\/fussball\/wp-json\/wp\/v2\/categories?post=8870"},{"taxonomy":"post_tag","embeddable":true,"href":"https:\/\/www.tus-oppenau.de\/fussball\/wp-json\/wp\/v2\/tags?post=8870"}],"curies":[{"name":"wp","href":"https:\/\/api.w.org\/{rel}","templated":true}]}}