{"id":8947,"date":"2023-02-27T21:33:35","date_gmt":"2023-02-27T19:33:35","guid":{"rendered":"https:\/\/www.tus-oppenau.de\/fussball\/?p=8947"},"modified":"2023-02-27T21:33:35","modified_gmt":"2023-02-27T19:33:35","slug":"stellenausschreibung-reinigungskraft-m-w-d-2","status":"publish","type":"post","link":"https:\/\/www.tus-oppenau.de\/fussball\/2023\/02\/stellenausschreibung-reinigungskraft-m-w-d-2\/","title":{"rendered":"Stellenausschreibung Reinigungskraft (M\/W\/D)"},"content":{"rendered":"<p align=\"justify\">Die Fu\u00dfballabteilung des TuS Oppenau sucht f\u00fcr die Reinigung der Umkleidekabinen und sanit\u00e4ren Anlagen auf dem Sportgel\u00e4nde Haldenhof zum n\u00e4chstm\u00f6glichen Zeitpunkt eine zuverl\u00e4ssige und engagierte Reinigungskraft. Der Umfang betr\u00e4gt ca. 8 \u2013 10 Stunden pro Woche und verteilt sich in der Regel auf die Wochentage Montag, Donnerstag, Freitag sowie Samstag oder Sonntag. Die Arbeitszeiten k\u00f6nnen gr\u00f6\u00dftenteils flexibel geplant werden, unter Ber\u00fccksichtigung des Trainings- und Spielbetriebs. <\/p>\n<p align=\"justify\">Die Entlohnung erfolgt im Rahmen einer geringf\u00fcgigen Besch\u00e4ftigung (Minjob).<br \/>Wir erwarten Gr\u00fcndlichkeit, Flexibilit\u00e4t sowie Zuverl\u00e4ssigkeit. <\/p>\n<p align=\"justify\">Interessiert? <br \/>Dann bitte melden bei Abteilungsleiter Frank Spinner (Tel. 07804\/3588) oder per E-Mail an: <a href=\"mailto:Vorstand@tus-oppenau.de\">Vorstand@tus-oppenau.de<\/a><\/p>\n<p align=\"justify\"><a href=\"https:\/\/i0.wp.com\/www.tus-oppenau.de\/fussball\/wp-content\/uploads\/2023\/02\/Stellenausschreibung-Reinigungskraft.jpg?ssl=1\"><img data-recalc-dims=\"1\" loading=\"lazy\" decoding=\"async\" title=\"Stellenausschreibung Reinigungskraft\" style=\"border-top: 0px; border-right: 0px; background-image: none; border-bottom: 0px; padding-top: 0px; padding-left: 0px; border-left: 0px; display: inline; padding-right: 0px\" border=\"0\" alt=\"Stellenausschreibung Reinigungskraft\" src=\"https:\/\/i0.wp.com\/www.tus-oppenau.de\/fussball\/wp-content\/uploads\/2023\/02\/Stellenausschreibung-Reinigungskraft_thumb.jpg?resize=474%2C247&#038;ssl=1\" width=\"474\" height=\"247\"><\/a><\/p>\n","protected":false},"excerpt":{"rendered":"<p>Die Fu\u00dfballabteilung des TuS Oppenau sucht f\u00fcr die Reinigung der Umkleidekabinen und sanit\u00e4ren Anlagen auf dem Sportgel\u00e4nde Haldenhof zum n\u00e4chstm\u00f6glichen Zeitpunkt eine zuverl\u00e4ssige und engagierte Reinigungskraft. Der Umfang betr\u00e4gt ca. 8 \u2013 10 Stunden pro Woche und verteilt sich in der Regel auf die Wochentage Montag, Donnerstag, Freitag sowie Samstag oder Sonntag. Die Arbeitszeiten k\u00f6nnen &hellip; <a href=\"https:\/\/www.tus-oppenau.de\/fussball\/2023\/02\/stellenausschreibung-reinigungskraft-m-w-d-2\/\" class=\"more-link\"><span class=\"screen-reader-text\">Stellenausschreibung Reinigungskraft (M\/W\/D)<\/span> weiterlesen <span class=\"meta-nav\">&rarr;<\/span><\/a><\/p>\n","protected":false},"author":47,"featured_media":0,"comment_status":"closed","ping_status":"open","sticky":false,"template":"","format":"standard","meta":{"_jetpack_memberships_contains_paid_content":false,"footnotes":"","jetpack_publicize_message":"","jetpack_publicize_feature_enabled":true,"jetpack_social_post_already_shared":true,"jetpack_social_options":{"image_generator_settings":{"template":"highway","default_image_id":0,"font":"","enabled":false},"version":2}},"categories":[281],"tags":[],"class_list":["post-8947","post","type-post","status-publish","format-standard","hentry","category-sportgelaende"],"jetpack_publicize_connections":[],"jetpack_featured_media_url":"","jetpack_sharing_enabled":true,"jetpack_likes_enabled":true,"_links":{"self":[{"href":"https:\/\/www.tus-oppenau.de\/fussball\/wp-json\/wp\/v2\/posts\/8947","targetHints":{"allow":["GET"]}}],"collection":[{"href":"https:\/\/www.tus-oppenau.de\/fussball\/wp-json\/wp\/v2\/posts"}],"about":[{"href":"https:\/\/www.tus-oppenau.de\/fussball\/wp-json\/wp\/v2\/types\/post"}],"author":[{"embeddable":true,"href":"https:\/\/www.tus-oppenau.de\/fussball\/wp-json\/wp\/v2\/users\/47"}],"replies":[{"embeddable":true,"href":"https:\/\/www.tus-oppenau.de\/fussball\/wp-json\/wp\/v2\/comments?post=8947"}],"version-history":[{"count":1,"href":"https:\/\/www.tus-oppenau.de\/fussball\/wp-json\/wp\/v2\/posts\/8947\/revisions"}],"predecessor-version":[{"id":8948,"href":"https:\/\/www.tus-oppenau.de\/fussball\/wp-json\/wp\/v2\/posts\/8947\/revisions\/8948"}],"wp:attachment":[{"href":"https:\/\/www.tus-oppenau.de\/fussball\/wp-json\/wp\/v2\/media?parent=8947"}],"wp:term":[{"taxonomy":"category","embeddable":true,"href":"https:\/\/www.tus-oppenau.de\/fussball\/wp-json\/wp\/v2\/categories?post=8947"},{"taxonomy":"post_tag","embeddable":true,"href":"https:\/\/www.tus-oppenau.de\/fussball\/wp-json\/wp\/v2\/tags?post=8947"}],"curies":[{"name":"wp","href":"https:\/\/api.w.org\/{rel}","templated":true}]}}