{"id":9671,"date":"2023-07-29T14:44:36","date_gmt":"2023-07-29T12:44:36","guid":{"rendered":"https:\/\/www.tus-oppenau.de\/fussball\/?p=9671"},"modified":"2023-08-20T18:30:11","modified_gmt":"2023-08-20T16:30:11","slug":"arbeitseinsatz-auf-dem-sportgelnde-haldenhof-3","status":"publish","type":"post","link":"https:\/\/www.tus-oppenau.de\/fussball\/2023\/07\/arbeitseinsatz-auf-dem-sportgelnde-haldenhof-3\/","title":{"rendered":"Arbeitseinsatz auf dem Sportgel&auml;nde Haldenhof"},"content":{"rendered":"<p align=\"justify\"><strong>Am heutigen Samstag waren einige flei\u00dfige H\u00e4nde damit besch\u00e4ftigt den Aufwuchs im Pflasterbereich an der G\u00fcnter-Bimmerle-Sportst\u00e4tte zu entfernen.<\/strong><\/p>\n<p align=\"justify\">Rund um unseren Kunstrasenplatz wurde der Bewuchs und das Moos, welches sich zwischen den Pflastersteinen und den Randsteinen zum Kunstrasenfeld gebildet hatte, in Handarbeit und maschineller Unterst\u00fctzung durch Motorsensen und Laubbl\u00e4ser entfernt. Ebenso wurden die Bandenwerbeschilder entlang der Zuschauerpl\u00e4tze gereinigt.<\/p>\n<p align=\"justify\"><a href=\"https:\/\/i0.wp.com\/www.tus-oppenau.de\/fussball\/wp-content\/uploads\/2023\/07\/AE_1.jpg?ssl=1\"><img data-recalc-dims=\"1\" loading=\"lazy\" decoding=\"async\" style=\"background-image: none; padding-top: 0px; padding-left: 0px; display: inline; padding-right: 0px; border: 0px;\" title=\"AE_1\" src=\"https:\/\/i0.wp.com\/www.tus-oppenau.de\/fussball\/wp-content\/uploads\/2023\/07\/AE_1_thumb.jpg?resize=288%2C217&#038;ssl=1\" alt=\"AE_1\" width=\"288\" height=\"217\" border=\"0\" \/><\/a>\u00a0<a href=\"https:\/\/i0.wp.com\/www.tus-oppenau.de\/fussball\/wp-content\/uploads\/2023\/07\/AE_2.jpg?ssl=1\"><img data-recalc-dims=\"1\" loading=\"lazy\" decoding=\"async\" style=\"background-image: none; padding-top: 0px; padding-left: 0px; display: inline; padding-right: 0px; border: 0px;\" title=\"AE_2\" src=\"https:\/\/i0.wp.com\/www.tus-oppenau.de\/fussball\/wp-content\/uploads\/2023\/07\/AE_2_thumb.jpg?resize=289%2C218&#038;ssl=1\" alt=\"AE_2\" width=\"289\" height=\"218\" border=\"0\" \/><\/a><\/p>\n<p align=\"justify\"><a href=\"https:\/\/i0.wp.com\/www.tus-oppenau.de\/fussball\/wp-content\/uploads\/2023\/07\/AE_3.jpg?ssl=1\"><img data-recalc-dims=\"1\" loading=\"lazy\" decoding=\"async\" style=\"background-image: none; padding-top: 0px; padding-left: 0px; display: inline; padding-right: 0px; border: 0px;\" title=\"AE_3\" src=\"https:\/\/i0.wp.com\/www.tus-oppenau.de\/fussball\/wp-content\/uploads\/2023\/07\/AE_3_thumb.jpg?resize=286%2C216&#038;ssl=1\" alt=\"AE_3\" width=\"286\" height=\"216\" border=\"0\" \/><\/a>\u00a0<a href=\"https:\/\/i0.wp.com\/www.tus-oppenau.de\/fussball\/wp-content\/uploads\/2023\/07\/AE_4.jpg?ssl=1\"><img data-recalc-dims=\"1\" loading=\"lazy\" decoding=\"async\" style=\"background-image: none; padding-top: 0px; padding-left: 0px; display: inline; padding-right: 0px; border: 0px;\" title=\"AE_4\" src=\"https:\/\/i0.wp.com\/www.tus-oppenau.de\/fussball\/wp-content\/uploads\/2023\/07\/AE_4_thumb.jpg?resize=291%2C386&#038;ssl=1\" alt=\"AE_4\" width=\"291\" height=\"386\" border=\"0\" \/><\/a><\/p>\n<p align=\"justify\">Am Ende konnte sich das Ergebnis nach knapp 4 Stunden Arbeit sehen lassen. Somit ist die G\u00fcnter-Bimmerle_Sportst\u00e4tte bereit f\u00fcr das Verbandspokalspiel um 17 Uhr gegen den FV Schutterwald.<\/p>\n<p align=\"justify\"><a href=\"https:\/\/i0.wp.com\/www.tus-oppenau.de\/fussball\/wp-content\/uploads\/2023\/07\/E_6.jpg?ssl=1\"><img data-recalc-dims=\"1\" loading=\"lazy\" decoding=\"async\" style=\"background-image: none; padding-top: 0px; padding-left: 0px; display: inline; padding-right: 0px; border: 0px;\" title=\"E_6\" src=\"https:\/\/i0.wp.com\/www.tus-oppenau.de\/fussball\/wp-content\/uploads\/2023\/07\/E_6_thumb.jpg?resize=369%2C278&#038;ssl=1\" alt=\"E_6\" width=\"369\" height=\"278\" border=\"0\" \/><\/a>\u00a0<a href=\"https:\/\/i0.wp.com\/www.tus-oppenau.de\/fussball\/wp-content\/uploads\/2023\/07\/AE_7.jpg?ssl=1\"><img data-recalc-dims=\"1\" loading=\"lazy\" decoding=\"async\" style=\"background-image: none; padding-top: 0px; padding-left: 0px; display: inline; padding-right: 0px; border: 0px;\" title=\"AE_7\" src=\"https:\/\/i0.wp.com\/www.tus-oppenau.de\/fussball\/wp-content\/uploads\/2023\/07\/AE_7_thumb.jpg?resize=210%2C279&#038;ssl=1\" alt=\"AE_7\" width=\"210\" height=\"279\" border=\"0\" \/><\/a><\/p>\n<p align=\"justify\"><strong><span style=\"color: #2b2b2b;\">Vielen herzlichen Dank an die ehrenamtlichen Helfer f\u00fcr die geleistete Arbeit.<\/span><\/strong><\/p>\n<p align=\"justify\"><a href=\"https:\/\/i0.wp.com\/www.tus-oppenau.de\/fussball\/wp-content\/uploads\/2023\/07\/AE_8.jpg?ssl=1\"><img data-recalc-dims=\"1\" loading=\"lazy\" decoding=\"async\" style=\"background-image: none; padding-top: 0px; padding-left: 0px; display: inline; padding-right: 0px; border: 0px;\" title=\"AE_8\" src=\"https:\/\/i0.wp.com\/www.tus-oppenau.de\/fussball\/wp-content\/uploads\/2023\/07\/AE_8_thumb.jpg?resize=474%2C275&#038;ssl=1\" alt=\"AE_8\" width=\"474\" height=\"275\" border=\"0\" \/><\/a><\/p>\n","protected":false},"excerpt":{"rendered":"<p>Am heutigen Samstag waren einige flei\u00dfige H\u00e4nde damit besch\u00e4ftigt den Aufwuchs im Pflasterbereich an der G\u00fcnter-Bimmerle-Sportst\u00e4tte zu entfernen. Rund um unseren Kunstrasenplatz wurde der Bewuchs und das Moos, welches sich zwischen den Pflastersteinen und den Randsteinen zum Kunstrasenfeld gebildet hatte, in Handarbeit und maschineller Unterst\u00fctzung durch Motorsensen und Laubbl\u00e4ser entfernt. Ebenso wurden die Bandenwerbeschilder entlang &hellip; <a href=\"https:\/\/www.tus-oppenau.de\/fussball\/2023\/07\/arbeitseinsatz-auf-dem-sportgelnde-haldenhof-3\/\" class=\"more-link\"><span class=\"screen-reader-text\">Arbeitseinsatz auf dem Sportgel&auml;nde Haldenhof<\/span> weiterlesen <span class=\"meta-nav\">&rarr;<\/span><\/a><\/p>\n","protected":false},"author":47,"featured_media":9669,"comment_status":"closed","ping_status":"open","sticky":false,"template":"","format":"standard","meta":{"_jetpack_memberships_contains_paid_content":false,"footnotes":"","jetpack_publicize_message":"","jetpack_publicize_feature_enabled":true,"jetpack_social_post_already_shared":true,"jetpack_social_options":{"image_generator_settings":{"template":"highway","default_image_id":0,"font":"","enabled":false},"version":2}},"categories":[281],"tags":[],"class_list":["post-9671","post","type-post","status-publish","format-standard","has-post-thumbnail","hentry","category-sportgelaende"],"jetpack_publicize_connections":[],"jetpack_featured_media_url":"https:\/\/i0.wp.com\/www.tus-oppenau.de\/fussball\/wp-content\/uploads\/2023\/07\/AE_8.jpg?fit=1024%2C590&ssl=1","jetpack_sharing_enabled":true,"jetpack_likes_enabled":true,"_links":{"self":[{"href":"https:\/\/www.tus-oppenau.de\/fussball\/wp-json\/wp\/v2\/posts\/9671","targetHints":{"allow":["GET"]}}],"collection":[{"href":"https:\/\/www.tus-oppenau.de\/fussball\/wp-json\/wp\/v2\/posts"}],"about":[{"href":"https:\/\/www.tus-oppenau.de\/fussball\/wp-json\/wp\/v2\/types\/post"}],"author":[{"embeddable":true,"href":"https:\/\/www.tus-oppenau.de\/fussball\/wp-json\/wp\/v2\/users\/47"}],"replies":[{"embeddable":true,"href":"https:\/\/www.tus-oppenau.de\/fussball\/wp-json\/wp\/v2\/comments?post=9671"}],"version-history":[{"count":2,"href":"https:\/\/www.tus-oppenau.de\/fussball\/wp-json\/wp\/v2\/posts\/9671\/revisions"}],"predecessor-version":[{"id":9680,"href":"https:\/\/www.tus-oppenau.de\/fussball\/wp-json\/wp\/v2\/posts\/9671\/revisions\/9680"}],"wp:featuredmedia":[{"embeddable":true,"href":"https:\/\/www.tus-oppenau.de\/fussball\/wp-json\/wp\/v2\/media\/9669"}],"wp:attachment":[{"href":"https:\/\/www.tus-oppenau.de\/fussball\/wp-json\/wp\/v2\/media?parent=9671"}],"wp:term":[{"taxonomy":"category","embeddable":true,"href":"https:\/\/www.tus-oppenau.de\/fussball\/wp-json\/wp\/v2\/categories?post=9671"},{"taxonomy":"post_tag","embeddable":true,"href":"https:\/\/www.tus-oppenau.de\/fussball\/wp-json\/wp\/v2\/tags?post=9671"}],"curies":[{"name":"wp","href":"https:\/\/api.w.org\/{rel}","templated":true}]}}