{"id":9725,"date":"2023-08-20T11:28:28","date_gmt":"2023-08-20T09:28:28","guid":{"rendered":"https:\/\/www.tus-oppenau.de\/fussball\/?p=9725"},"modified":"2023-08-20T11:28:28","modified_gmt":"2023-08-20T09:28:28","slug":"1-torwarttag-beim-tus-oppenau","status":"publish","type":"post","link":"https:\/\/www.tus-oppenau.de\/fussball\/2023\/08\/1-torwarttag-beim-tus-oppenau\/","title":{"rendered":"1. Torwarttag beim TuS Oppenau"},"content":{"rendered":"<p align=\"justify\"><strong>Unsere beiden Jugend- und Torwarttr\u00e4ger Ralf Birk und Sascha Schmidt organisierten am Samstag, 19.08.23 den 1. Torwarttag f\u00fcr die Jugend-Torh\u00fcter.<\/strong> <\/p>\n<p align=\"justify\"><a href=\"https:\/\/i0.wp.com\/www.tus-oppenau.de\/fussball\/wp-content\/uploads\/2023\/08\/Torwartraining_2.jpg?ssl=1\"><img data-recalc-dims=\"1\" loading=\"lazy\" decoding=\"async\" title=\"Torwartraining_2\" style=\"border-top: 0px; border-right: 0px; background-image: none; border-bottom: 0px; padding-top: 0px; padding-left: 0px; border-left: 0px; display: inline; padding-right: 0px\" border=\"0\" alt=\"Torwartraining_2\" src=\"https:\/\/i0.wp.com\/www.tus-oppenau.de\/fussball\/wp-content\/uploads\/2023\/08\/Torwartraining_2_thumb.jpg?resize=474%2C200&#038;ssl=1\" width=\"474\" height=\"200\"><\/a><\/p>\n<p align=\"justify\"><a href=\"https:\/\/i0.wp.com\/www.tus-oppenau.de\/fussball\/wp-content\/uploads\/2023\/08\/Torwartraining_6.jpg?ssl=1\"><img data-recalc-dims=\"1\" loading=\"lazy\" decoding=\"async\" title=\"Torwartraining_6\" style=\"border-top: 0px; border-right: 0px; background-image: none; border-bottom: 0px; padding-top: 0px; padding-left: 0px; border-left: 0px; display: inline; padding-right: 0px\" border=\"0\" alt=\"Torwartraining_6\" src=\"https:\/\/i0.wp.com\/www.tus-oppenau.de\/fussball\/wp-content\/uploads\/2023\/08\/Torwartraining_6_thumb.jpg?resize=474%2C271&#038;ssl=1\" width=\"474\" height=\"271\"><\/a><\/p>\n<p align=\"justify\">Insgesamt waren 8 Torh\u00fcter aus den Reihen des TuS Oppenau von den E-Junioren bis zu den B-Junioren, sowie ein Torh\u00fcter des SG Partners SV Lautenbach.<\/p>\n<p align=\"justify\">Start war um 9.30 mit einer Theoriestunde. Danach stand ein Training auf dem Kunstrasenplatz auf dem Programm. In der Mittagspause wurden alle von Petra Hoferer im Sportheim Haldenhoftreff mit Spaghetti Bolognese bestens versorgt.&nbsp; Frisch gest\u00e4rkt ging es dann zu einem zweiten Training auf den Platz. <\/p>\n<p align=\"justify\"><a href=\"https:\/\/i0.wp.com\/www.tus-oppenau.de\/fussball\/wp-content\/uploads\/2023\/08\/Torwartraining_4.jpg?ssl=1\"><img data-recalc-dims=\"1\" loading=\"lazy\" decoding=\"async\" title=\"Torwartraining_4\" style=\"border-top: 0px; border-right: 0px; background-image: none; border-bottom: 0px; padding-top: 0px; padding-left: 0px; border-left: 0px; display: inline; padding-right: 0px\" border=\"0\" alt=\"Torwartraining_4\" src=\"https:\/\/i0.wp.com\/www.tus-oppenau.de\/fussball\/wp-content\/uploads\/2023\/08\/Torwartraining_4_thumb.jpg?resize=474%2C186&#038;ssl=1\" width=\"474\" height=\"186\"><\/a><\/p>\n<p align=\"justify\">Alle Beteiligten hatten sichtlich Spa\u00df an dem Torwarttraining. Herzlichen Dank an Ralf Birk und Sascha Schmidt f\u00fcr die Organisation und Durchf\u00fchrung.<\/p>\n","protected":false},"excerpt":{"rendered":"<p>Unsere beiden Jugend- und Torwarttr\u00e4ger Ralf Birk und Sascha Schmidt organisierten am Samstag, 19.08.23 den 1. Torwarttag f\u00fcr die Jugend-Torh\u00fcter. Insgesamt waren 8 Torh\u00fcter aus den Reihen des TuS Oppenau von den E-Junioren bis zu den B-Junioren, sowie ein Torh\u00fcter des SG Partners SV Lautenbach. Start war um 9.30 mit einer Theoriestunde. Danach stand ein &hellip; <a href=\"https:\/\/www.tus-oppenau.de\/fussball\/2023\/08\/1-torwarttag-beim-tus-oppenau\/\" class=\"more-link\"><span class=\"screen-reader-text\">1. Torwarttag beim TuS Oppenau<\/span> weiterlesen <span class=\"meta-nav\">&rarr;<\/span><\/a><\/p>\n","protected":false},"author":47,"featured_media":0,"comment_status":"closed","ping_status":"open","sticky":false,"template":"","format":"standard","meta":{"_jetpack_memberships_contains_paid_content":false,"footnotes":"","jetpack_publicize_message":"","jetpack_publicize_feature_enabled":true,"jetpack_social_post_already_shared":true,"jetpack_social_options":{"image_generator_settings":{"template":"highway","default_image_id":0,"font":"","enabled":false},"version":2}},"categories":[268],"tags":[],"class_list":["post-9725","post","type-post","status-publish","format-standard","hentry","category-jugend"],"jetpack_publicize_connections":[],"jetpack_featured_media_url":"","jetpack_sharing_enabled":true,"jetpack_likes_enabled":true,"_links":{"self":[{"href":"https:\/\/www.tus-oppenau.de\/fussball\/wp-json\/wp\/v2\/posts\/9725","targetHints":{"allow":["GET"]}}],"collection":[{"href":"https:\/\/www.tus-oppenau.de\/fussball\/wp-json\/wp\/v2\/posts"}],"about":[{"href":"https:\/\/www.tus-oppenau.de\/fussball\/wp-json\/wp\/v2\/types\/post"}],"author":[{"embeddable":true,"href":"https:\/\/www.tus-oppenau.de\/fussball\/wp-json\/wp\/v2\/users\/47"}],"replies":[{"embeddable":true,"href":"https:\/\/www.tus-oppenau.de\/fussball\/wp-json\/wp\/v2\/comments?post=9725"}],"version-history":[{"count":1,"href":"https:\/\/www.tus-oppenau.de\/fussball\/wp-json\/wp\/v2\/posts\/9725\/revisions"}],"predecessor-version":[{"id":9726,"href":"https:\/\/www.tus-oppenau.de\/fussball\/wp-json\/wp\/v2\/posts\/9725\/revisions\/9726"}],"wp:attachment":[{"href":"https:\/\/www.tus-oppenau.de\/fussball\/wp-json\/wp\/v2\/media?parent=9725"}],"wp:term":[{"taxonomy":"category","embeddable":true,"href":"https:\/\/www.tus-oppenau.de\/fussball\/wp-json\/wp\/v2\/categories?post=9725"},{"taxonomy":"post_tag","embeddable":true,"href":"https:\/\/www.tus-oppenau.de\/fussball\/wp-json\/wp\/v2\/tags?post=9725"}],"curies":[{"name":"wp","href":"https:\/\/api.w.org\/{rel}","templated":true}]}}