{"id":9824,"date":"2023-08-27T14:09:29","date_gmt":"2023-08-27T12:09:29","guid":{"rendered":"https:\/\/www.tus-oppenau.de\/fussball\/?p=9824"},"modified":"2023-10-25T09:27:57","modified_gmt":"2023-10-25T07:27:57","slug":"bilder-zum-auswrtsspiel-in-hofstetten","status":"publish","type":"post","link":"https:\/\/www.tus-oppenau.de\/fussball\/2023\/08\/bilder-zum-auswrtsspiel-in-hofstetten\/","title":{"rendered":"Bilder zum Ausw&auml;rtsspiel in Hofstetten"},"content":{"rendered":"<p><strong>Samstag 26.08.2023<br \/>\n<strong>SC Hofstetten \u2013 TuS Oppenau 2:3 (1:1).<\/strong><\/strong><\/p>\n<p>Torsch\u00fctzen: Matthias Kimmig (2), Florian M\u00fcller<\/p>\n<p><a href=\"https:\/\/i0.wp.com\/www.tus-oppenau.de\/fussball\/wp-content\/uploads\/2023\/08\/sch_tus_2023_08_26_002.jpg?ssl=1\"><img data-recalc-dims=\"1\" loading=\"lazy\" decoding=\"async\" style=\"background-image: none; padding-top: 0px; padding-left: 0px; margin: 0px; display: inline; padding-right: 0px; border: 0px;\" title=\"sch_tus_2023_08_26_002\" src=\"https:\/\/i0.wp.com\/www.tus-oppenau.de\/fussball\/wp-content\/uploads\/2023\/08\/sch_tus_2023_08_26_002_thumb.jpg?resize=244%2C164&#038;ssl=1\" alt=\"sch_tus_2023_08_26_002\" width=\"244\" height=\"164\" border=\"0\" \/><\/a><a href=\"https:\/\/i0.wp.com\/www.tus-oppenau.de\/fussball\/wp-content\/uploads\/2023\/08\/sch_tus_2023_08_26_003.jpg?ssl=1\"><img data-recalc-dims=\"1\" loading=\"lazy\" decoding=\"async\" style=\"background-image: none; padding-top: 0px; padding-left: 0px; margin: 0px; display: inline; padding-right: 0px; border: 0px;\" title=\"sch_tus_2023_08_26_003\" src=\"https:\/\/i0.wp.com\/www.tus-oppenau.de\/fussball\/wp-content\/uploads\/2023\/08\/sch_tus_2023_08_26_003_thumb.jpg?resize=244%2C164&#038;ssl=1\" alt=\"sch_tus_2023_08_26_003\" width=\"244\" height=\"164\" border=\"0\" \/><\/a><a href=\"https:\/\/i0.wp.com\/www.tus-oppenau.de\/fussball\/wp-content\/uploads\/2023\/08\/sch_tus_2023_08_26_004.jpg?ssl=1\"><img data-recalc-dims=\"1\" loading=\"lazy\" decoding=\"async\" style=\"background-image: none; padding-top: 0px; padding-left: 0px; margin: 0px; display: inline; padding-right: 0px; border: 0px;\" title=\"sch_tus_2023_08_26_004\" src=\"https:\/\/i0.wp.com\/www.tus-oppenau.de\/fussball\/wp-content\/uploads\/2023\/08\/sch_tus_2023_08_26_004_thumb.jpg?resize=244%2C164&#038;ssl=1\" alt=\"sch_tus_2023_08_26_004\" width=\"244\" height=\"164\" border=\"0\" \/><\/a><a href=\"https:\/\/i0.wp.com\/www.tus-oppenau.de\/fussball\/wp-content\/uploads\/2023\/08\/sch_tus_2023_08_26_005.jpg?ssl=1\"><img data-recalc-dims=\"1\" loading=\"lazy\" decoding=\"async\" style=\"background-image: none; padding-top: 0px; padding-left: 0px; margin: 0px; display: inline; padding-right: 0px; border: 0px;\" title=\"sch_tus_2023_08_26_005\" src=\"https:\/\/i0.wp.com\/www.tus-oppenau.de\/fussball\/wp-content\/uploads\/2023\/08\/sch_tus_2023_08_26_005_thumb.jpg?resize=244%2C164&#038;ssl=1\" alt=\"sch_tus_2023_08_26_005\" width=\"244\" height=\"164\" border=\"0\" \/><\/a><a href=\"https:\/\/i0.wp.com\/www.tus-oppenau.de\/fussball\/wp-content\/uploads\/2023\/08\/sch_tus_2023_08_26_006.jpg?ssl=1\"><img data-recalc-dims=\"1\" loading=\"lazy\" decoding=\"async\" style=\"background-image: none; padding-top: 0px; padding-left: 0px; margin: 0px; display: inline; padding-right: 0px; border: 0px;\" title=\"sch_tus_2023_08_26_006\" src=\"https:\/\/i0.wp.com\/www.tus-oppenau.de\/fussball\/wp-content\/uploads\/2023\/08\/sch_tus_2023_08_26_006_thumb.jpg?resize=244%2C164&#038;ssl=1\" alt=\"sch_tus_2023_08_26_006\" width=\"244\" height=\"164\" border=\"0\" \/><\/a><a href=\"https:\/\/i0.wp.com\/www.tus-oppenau.de\/fussball\/wp-content\/uploads\/2023\/08\/sch_tus_2023_08_26_007.jpg?ssl=1\"><img data-recalc-dims=\"1\" loading=\"lazy\" decoding=\"async\" style=\"background-image: none; padding-top: 0px; padding-left: 0px; margin: 0px; display: inline; padding-right: 0px; border: 0px;\" title=\"sch_tus_2023_08_26_007\" src=\"https:\/\/i0.wp.com\/www.tus-oppenau.de\/fussball\/wp-content\/uploads\/2023\/08\/sch_tus_2023_08_26_007_thumb.jpg?resize=244%2C164&#038;ssl=1\" alt=\"sch_tus_2023_08_26_007\" width=\"244\" height=\"164\" border=\"0\" \/><\/a><a href=\"https:\/\/i0.wp.com\/www.tus-oppenau.de\/fussball\/wp-content\/uploads\/2023\/08\/sch_tus_2023_08_26_008.jpg?ssl=1\"><img data-recalc-dims=\"1\" loading=\"lazy\" decoding=\"async\" style=\"background-image: none; padding-top: 0px; padding-left: 0px; margin: 0px; display: inline; padding-right: 0px; border: 0px;\" title=\"sch_tus_2023_08_26_008\" src=\"https:\/\/i0.wp.com\/www.tus-oppenau.de\/fussball\/wp-content\/uploads\/2023\/08\/sch_tus_2023_08_26_008_thumb.jpg?resize=244%2C164&#038;ssl=1\" alt=\"sch_tus_2023_08_26_008\" width=\"244\" height=\"164\" border=\"0\" \/><\/a><a href=\"https:\/\/i0.wp.com\/www.tus-oppenau.de\/fussball\/wp-content\/uploads\/2023\/08\/sch_tus_2023_08_26_009.jpg?ssl=1\"><img data-recalc-dims=\"1\" loading=\"lazy\" decoding=\"async\" style=\"background-image: none; padding-top: 0px; padding-left: 0px; margin: 0px; display: inline; padding-right: 0px; border: 0px;\" title=\"sch_tus_2023_08_26_009\" src=\"https:\/\/i0.wp.com\/www.tus-oppenau.de\/fussball\/wp-content\/uploads\/2023\/08\/sch_tus_2023_08_26_009_thumb.jpg?resize=244%2C164&#038;ssl=1\" alt=\"sch_tus_2023_08_26_009\" width=\"244\" height=\"164\" border=\"0\" \/><\/a><a href=\"https:\/\/i0.wp.com\/www.tus-oppenau.de\/fussball\/wp-content\/uploads\/2023\/08\/sch_tus_2023_08_26_011.jpg?ssl=1\"><img data-recalc-dims=\"1\" loading=\"lazy\" decoding=\"async\" style=\"background-image: none; padding-top: 0px; padding-left: 0px; margin: 0px; display: inline; padding-right: 0px; border: 0px;\" title=\"sch_tus_2023_08_26_011\" src=\"https:\/\/i0.wp.com\/www.tus-oppenau.de\/fussball\/wp-content\/uploads\/2023\/08\/sch_tus_2023_08_26_011_thumb.jpg?resize=244%2C164&#038;ssl=1\" alt=\"sch_tus_2023_08_26_011\" width=\"244\" height=\"164\" border=\"0\" \/><\/a><a href=\"https:\/\/i0.wp.com\/www.tus-oppenau.de\/fussball\/wp-content\/uploads\/2023\/08\/sch_tus_2023_08_26_012.jpg?ssl=1\"><img data-recalc-dims=\"1\" loading=\"lazy\" decoding=\"async\" style=\"background-image: none; padding-top: 0px; padding-left: 0px; margin: 0px; display: inline; padding-right: 0px; border: 0px;\" title=\"sch_tus_2023_08_26_012\" src=\"https:\/\/i0.wp.com\/www.tus-oppenau.de\/fussball\/wp-content\/uploads\/2023\/08\/sch_tus_2023_08_26_012_thumb.jpg?resize=244%2C164&#038;ssl=1\" alt=\"sch_tus_2023_08_26_012\" width=\"244\" height=\"164\" border=\"0\" \/><\/a><a href=\"https:\/\/i0.wp.com\/www.tus-oppenau.de\/fussball\/wp-content\/uploads\/2023\/08\/sch_tus_2023_08_26_013.jpg?ssl=1\"><img data-recalc-dims=\"1\" loading=\"lazy\" decoding=\"async\" style=\"background-image: none; padding-top: 0px; padding-left: 0px; margin: 0px; display: inline; padding-right: 0px; border: 0px;\" title=\"sch_tus_2023_08_26_013\" src=\"https:\/\/i0.wp.com\/www.tus-oppenau.de\/fussball\/wp-content\/uploads\/2023\/08\/sch_tus_2023_08_26_013_thumb.jpg?resize=244%2C164&#038;ssl=1\" alt=\"sch_tus_2023_08_26_013\" width=\"244\" height=\"164\" border=\"0\" \/><\/a><a href=\"https:\/\/i0.wp.com\/www.tus-oppenau.de\/fussball\/wp-content\/uploads\/2023\/08\/sch_tus_2023_08_26_014.jpg?ssl=1\"><img data-recalc-dims=\"1\" loading=\"lazy\" decoding=\"async\" style=\"background-image: none; padding-top: 0px; padding-left: 0px; margin: 0px; display: inline; padding-right: 0px; border: 0px;\" title=\"sch_tus_2023_08_26_014\" src=\"https:\/\/i0.wp.com\/www.tus-oppenau.de\/fussball\/wp-content\/uploads\/2023\/08\/sch_tus_2023_08_26_014_thumb.jpg?resize=244%2C164&#038;ssl=1\" alt=\"sch_tus_2023_08_26_014\" width=\"244\" height=\"164\" border=\"0\" \/><\/a><a href=\"https:\/\/i0.wp.com\/www.tus-oppenau.de\/fussball\/wp-content\/uploads\/2023\/08\/sch_tus_2023_08_26_015.jpg?ssl=1\"><img data-recalc-dims=\"1\" loading=\"lazy\" decoding=\"async\" style=\"background-image: none; padding-top: 0px; padding-left: 0px; margin: 0px; display: inline; padding-right: 0px; border: 0px;\" title=\"sch_tus_2023_08_26_015\" src=\"https:\/\/i0.wp.com\/www.tus-oppenau.de\/fussball\/wp-content\/uploads\/2023\/08\/sch_tus_2023_08_26_015_thumb.jpg?resize=244%2C164&#038;ssl=1\" alt=\"sch_tus_2023_08_26_015\" width=\"244\" height=\"164\" border=\"0\" \/><\/a><a href=\"https:\/\/i0.wp.com\/www.tus-oppenau.de\/fussball\/wp-content\/uploads\/2023\/08\/sch_tus_2023_08_26_016.jpg?ssl=1\"><img data-recalc-dims=\"1\" loading=\"lazy\" decoding=\"async\" style=\"background-image: none; padding-top: 0px; padding-left: 0px; margin: 0px; display: inline; padding-right: 0px; border: 0px;\" title=\"sch_tus_2023_08_26_016\" src=\"https:\/\/i0.wp.com\/www.tus-oppenau.de\/fussball\/wp-content\/uploads\/2023\/08\/sch_tus_2023_08_26_016_thumb.jpg?resize=244%2C164&#038;ssl=1\" alt=\"sch_tus_2023_08_26_016\" width=\"244\" height=\"164\" border=\"0\" \/><\/a><a href=\"https:\/\/i0.wp.com\/www.tus-oppenau.de\/fussball\/wp-content\/uploads\/2023\/08\/sch_tus_2023_08_26_017.jpg?ssl=1\"><img data-recalc-dims=\"1\" loading=\"lazy\" decoding=\"async\" style=\"background-image: none; padding-top: 0px; padding-left: 0px; margin: 0px; display: inline; padding-right: 0px; border: 0px;\" title=\"sch_tus_2023_08_26_017\" src=\"https:\/\/i0.wp.com\/www.tus-oppenau.de\/fussball\/wp-content\/uploads\/2023\/08\/sch_tus_2023_08_26_017_thumb.jpg?resize=244%2C164&#038;ssl=1\" alt=\"sch_tus_2023_08_26_017\" width=\"244\" height=\"164\" border=\"0\" \/><\/a><a href=\"https:\/\/i0.wp.com\/www.tus-oppenau.de\/fussball\/wp-content\/uploads\/2023\/08\/sch_tus_2023_08_26_018.jpg?ssl=1\"><img data-recalc-dims=\"1\" loading=\"lazy\" decoding=\"async\" style=\"background-image: none; padding-top: 0px; padding-left: 0px; margin: 0px; display: inline; padding-right: 0px; border: 0px;\" title=\"sch_tus_2023_08_26_018\" src=\"https:\/\/i0.wp.com\/www.tus-oppenau.de\/fussball\/wp-content\/uploads\/2023\/08\/sch_tus_2023_08_26_018_thumb.jpg?resize=244%2C164&#038;ssl=1\" alt=\"sch_tus_2023_08_26_018\" width=\"244\" height=\"164\" border=\"0\" \/><\/a><a href=\"https:\/\/i0.wp.com\/www.tus-oppenau.de\/fussball\/wp-content\/uploads\/2023\/08\/sch_tus_2023_08_26_019.jpg?ssl=1\"><img data-recalc-dims=\"1\" loading=\"lazy\" decoding=\"async\" style=\"background-image: none; padding-top: 0px; padding-left: 0px; margin: 0px; display: inline; padding-right: 0px; border: 0px;\" title=\"sch_tus_2023_08_26_019\" src=\"https:\/\/i0.wp.com\/www.tus-oppenau.de\/fussball\/wp-content\/uploads\/2023\/08\/sch_tus_2023_08_26_019_thumb.jpg?resize=244%2C164&#038;ssl=1\" alt=\"sch_tus_2023_08_26_019\" width=\"244\" height=\"164\" border=\"0\" \/><\/a><a href=\"https:\/\/i0.wp.com\/www.tus-oppenau.de\/fussball\/wp-content\/uploads\/2023\/08\/sch_tus_2023_08_26_022.jpg?ssl=1\"><img data-recalc-dims=\"1\" loading=\"lazy\" decoding=\"async\" style=\"background-image: none; padding-top: 0px; padding-left: 0px; display: inline; padding-right: 0px; border: 0px;\" title=\"sch_tus_2023_08_26_022\" src=\"https:\/\/i0.wp.com\/www.tus-oppenau.de\/fussball\/wp-content\/uploads\/2023\/08\/sch_tus_2023_08_26_022_thumb.jpg?resize=244%2C164&#038;ssl=1\" alt=\"sch_tus_2023_08_26_022\" width=\"244\" height=\"164\" border=\"0\" \/><\/a><\/p>\n<p>Vielen Dank an <strong>Chiara Torzi<\/strong> f\u00fcr die Bilder vom Ausw\u00e4rtssieg in Hofstetten.<\/p>\n<p><a href=\"https:\/\/i0.wp.com\/www.tus-oppenau.de\/fussball\/wp-content\/uploads\/2023\/08\/sch_tus_2023_08_26_010.jpg?ssl=1\"><img data-recalc-dims=\"1\" loading=\"lazy\" decoding=\"async\" style=\"background-image: none; padding-top: 0px; padding-left: 0px; display: inline; padding-right: 0px; border: 0px;\" title=\"sch_tus_2023_08_26_010\" src=\"https:\/\/i0.wp.com\/www.tus-oppenau.de\/fussball\/wp-content\/uploads\/2023\/08\/sch_tus_2023_08_26_010_thumb.jpg?resize=474%2C318&#038;ssl=1\" alt=\"sch_tus_2023_08_26_010\" width=\"474\" height=\"318\" border=\"0\" \/><\/a><\/p>\n","protected":false},"excerpt":{"rendered":"<p>Samstag 26.08.2023 SC Hofstetten \u2013 TuS Oppenau 2:3 (1:1). Torsch\u00fctzen: Matthias Kimmig (2), Florian M\u00fcller Vielen Dank an Chiara Torzi f\u00fcr die Bilder vom Ausw\u00e4rtssieg in Hofstetten.<\/p>\n","protected":false},"author":47,"featured_media":9820,"comment_status":"closed","ping_status":"open","sticky":false,"template":"","format":"standard","meta":{"_jetpack_memberships_contains_paid_content":false,"footnotes":"","jetpack_publicize_message":"","jetpack_publicize_feature_enabled":true,"jetpack_social_post_already_shared":true,"jetpack_social_options":{"image_generator_settings":{"template":"highway","default_image_id":0,"font":"","enabled":false},"version":2}},"categories":[247],"tags":[],"class_list":["post-9824","post","type-post","status-publish","format-standard","has-post-thumbnail","hentry","category-1-mannschaft"],"jetpack_publicize_connections":[],"jetpack_featured_media_url":"https:\/\/i0.wp.com\/www.tus-oppenau.de\/fussball\/wp-content\/uploads\/2023\/08\/sch_tus_2023_08_26_022.jpg?fit=1024%2C683&ssl=1","jetpack_sharing_enabled":true,"jetpack_likes_enabled":true,"_links":{"self":[{"href":"https:\/\/www.tus-oppenau.de\/fussball\/wp-json\/wp\/v2\/posts\/9824","targetHints":{"allow":["GET"]}}],"collection":[{"href":"https:\/\/www.tus-oppenau.de\/fussball\/wp-json\/wp\/v2\/posts"}],"about":[{"href":"https:\/\/www.tus-oppenau.de\/fussball\/wp-json\/wp\/v2\/types\/post"}],"author":[{"embeddable":true,"href":"https:\/\/www.tus-oppenau.de\/fussball\/wp-json\/wp\/v2\/users\/47"}],"replies":[{"embeddable":true,"href":"https:\/\/www.tus-oppenau.de\/fussball\/wp-json\/wp\/v2\/comments?post=9824"}],"version-history":[{"count":2,"href":"https:\/\/www.tus-oppenau.de\/fussball\/wp-json\/wp\/v2\/posts\/9824\/revisions"}],"predecessor-version":[{"id":10036,"href":"https:\/\/www.tus-oppenau.de\/fussball\/wp-json\/wp\/v2\/posts\/9824\/revisions\/10036"}],"wp:featuredmedia":[{"embeddable":true,"href":"https:\/\/www.tus-oppenau.de\/fussball\/wp-json\/wp\/v2\/media\/9820"}],"wp:attachment":[{"href":"https:\/\/www.tus-oppenau.de\/fussball\/wp-json\/wp\/v2\/media?parent=9824"}],"wp:term":[{"taxonomy":"category","embeddable":true,"href":"https:\/\/www.tus-oppenau.de\/fussball\/wp-json\/wp\/v2\/categories?post=9824"},{"taxonomy":"post_tag","embeddable":true,"href":"https:\/\/www.tus-oppenau.de\/fussball\/wp-json\/wp\/v2\/tags?post=9824"}],"curies":[{"name":"wp","href":"https:\/\/api.w.org\/{rel}","templated":true}]}}