{"id":9873,"date":"2023-09-10T20:41:14","date_gmt":"2023-09-10T18:41:14","guid":{"rendered":"https:\/\/www.tus-oppenau.de\/fussball\/?p=9873"},"modified":"2023-12-11T18:15:04","modified_gmt":"2023-12-11T16:15:04","slug":"bilder-zum-auswrtsspiel-in-sinzheim-2","status":"publish","type":"post","link":"https:\/\/www.tus-oppenau.de\/fussball\/2023\/09\/bilder-zum-auswrtsspiel-in-sinzheim-2\/","title":{"rendered":"Bilder zum Ausw&auml;rtsspiel in Sinzheim"},"content":{"rendered":"<p><strong>Samstag 09.09.2023<br \/>\n<strong>SV Sinzheim \u2013 TuS Oppenau 1:1 (0:1).<\/strong><\/strong><\/p>\n<p>Torsch\u00fctze: Matthias Kimmig .<\/p>\n<p><a href=\"https:\/\/i0.wp.com\/www.tus-oppenau.de\/fussball\/wp-content\/uploads\/2023\/09\/svs_tus_2023_09_09_001.jpg?ssl=1\"><img data-recalc-dims=\"1\" loading=\"lazy\" decoding=\"async\" style=\"background-image: none; padding-top: 0px; padding-left: 0px; margin: 0px; display: inline; padding-right: 0px; border: 0px;\" title=\"svs_tus_2023_09_09_001\" src=\"https:\/\/i0.wp.com\/www.tus-oppenau.de\/fussball\/wp-content\/uploads\/2023\/09\/svs_tus_2023_09_09_001_thumb.jpg?resize=244%2C164&#038;ssl=1\" alt=\"svs_tus_2023_09_09_001\" width=\"244\" height=\"164\" border=\"0\" \/><\/a><a href=\"https:\/\/i0.wp.com\/www.tus-oppenau.de\/fussball\/wp-content\/uploads\/2023\/09\/svs_tus_2023_09_09_002.jpg?ssl=1\"><img data-recalc-dims=\"1\" loading=\"lazy\" decoding=\"async\" style=\"background-image: none; padding-top: 0px; padding-left: 0px; margin: 0px; display: inline; padding-right: 0px; border: 0px;\" title=\"svs_tus_2023_09_09_002\" src=\"https:\/\/i0.wp.com\/www.tus-oppenau.de\/fussball\/wp-content\/uploads\/2023\/09\/svs_tus_2023_09_09_002_thumb.jpg?resize=244%2C164&#038;ssl=1\" alt=\"svs_tus_2023_09_09_002\" width=\"244\" height=\"164\" border=\"0\" \/><\/a><a href=\"https:\/\/i0.wp.com\/www.tus-oppenau.de\/fussball\/wp-content\/uploads\/2023\/09\/svs_tus_2023_09_09_003.jpg?ssl=1\"><img data-recalc-dims=\"1\" loading=\"lazy\" decoding=\"async\" style=\"background-image: none; padding-top: 0px; padding-left: 0px; margin: 0px; display: inline; padding-right: 0px; border: 0px;\" title=\"svs_tus_2023_09_09_003\" src=\"https:\/\/i0.wp.com\/www.tus-oppenau.de\/fussball\/wp-content\/uploads\/2023\/09\/svs_tus_2023_09_09_003_thumb.jpg?resize=244%2C164&#038;ssl=1\" alt=\"svs_tus_2023_09_09_003\" width=\"244\" height=\"164\" border=\"0\" \/><\/a><a href=\"https:\/\/i0.wp.com\/www.tus-oppenau.de\/fussball\/wp-content\/uploads\/2023\/09\/svs_tus_2023_09_09_004.jpg?ssl=1\"><img data-recalc-dims=\"1\" loading=\"lazy\" decoding=\"async\" style=\"background-image: none; padding-top: 0px; padding-left: 0px; margin: 0px; display: inline; padding-right: 0px; border: 0px;\" title=\"svs_tus_2023_09_09_004\" src=\"https:\/\/i0.wp.com\/www.tus-oppenau.de\/fussball\/wp-content\/uploads\/2023\/09\/svs_tus_2023_09_09_004_thumb.jpg?resize=244%2C164&#038;ssl=1\" alt=\"svs_tus_2023_09_09_004\" width=\"244\" height=\"164\" border=\"0\" \/><\/a><a href=\"https:\/\/i0.wp.com\/www.tus-oppenau.de\/fussball\/wp-content\/uploads\/2023\/09\/svs_tus_2023_09_09_005.jpg?ssl=1\"><img data-recalc-dims=\"1\" loading=\"lazy\" decoding=\"async\" style=\"background-image: none; padding-top: 0px; padding-left: 0px; margin: 0px; display: inline; padding-right: 0px; border: 0px;\" title=\"svs_tus_2023_09_09_005\" src=\"https:\/\/i0.wp.com\/www.tus-oppenau.de\/fussball\/wp-content\/uploads\/2023\/09\/svs_tus_2023_09_09_005_thumb.jpg?resize=244%2C164&#038;ssl=1\" alt=\"svs_tus_2023_09_09_005\" width=\"244\" height=\"164\" border=\"0\" \/><\/a><a href=\"https:\/\/i0.wp.com\/www.tus-oppenau.de\/fussball\/wp-content\/uploads\/2023\/09\/svs_tus_2023_09_09_006.jpg?ssl=1\"><img data-recalc-dims=\"1\" loading=\"lazy\" decoding=\"async\" style=\"background-image: none; padding-top: 0px; padding-left: 0px; margin: 0px; display: inline; padding-right: 0px; border: 0px;\" title=\"svs_tus_2023_09_09_006\" src=\"https:\/\/i0.wp.com\/www.tus-oppenau.de\/fussball\/wp-content\/uploads\/2023\/09\/svs_tus_2023_09_09_006_thumb.jpg?resize=244%2C164&#038;ssl=1\" alt=\"svs_tus_2023_09_09_006\" width=\"244\" height=\"164\" border=\"0\" \/><\/a><a href=\"https:\/\/i0.wp.com\/www.tus-oppenau.de\/fussball\/wp-content\/uploads\/2023\/09\/svs_tus_2023_09_09_007.jpg?ssl=1\"><img data-recalc-dims=\"1\" loading=\"lazy\" decoding=\"async\" style=\"background-image: none; padding-top: 0px; padding-left: 0px; margin: 0px; display: inline; padding-right: 0px; border: 0px;\" title=\"svs_tus_2023_09_09_007\" src=\"https:\/\/i0.wp.com\/www.tus-oppenau.de\/fussball\/wp-content\/uploads\/2023\/09\/svs_tus_2023_09_09_007_thumb.jpg?resize=244%2C164&#038;ssl=1\" alt=\"svs_tus_2023_09_09_007\" width=\"244\" height=\"164\" border=\"0\" \/><\/a><a href=\"https:\/\/i0.wp.com\/www.tus-oppenau.de\/fussball\/wp-content\/uploads\/2023\/09\/svs_tus_2023_09_09_008.jpg?ssl=1\"><img data-recalc-dims=\"1\" loading=\"lazy\" decoding=\"async\" style=\"background-image: none; padding-top: 0px; padding-left: 0px; margin: 0px; display: inline; padding-right: 0px; border: 0px;\" title=\"svs_tus_2023_09_09_008\" src=\"https:\/\/i0.wp.com\/www.tus-oppenau.de\/fussball\/wp-content\/uploads\/2023\/09\/svs_tus_2023_09_09_008_thumb.jpg?resize=244%2C164&#038;ssl=1\" alt=\"svs_tus_2023_09_09_008\" width=\"244\" height=\"164\" border=\"0\" \/><\/a><a href=\"https:\/\/i0.wp.com\/www.tus-oppenau.de\/fussball\/wp-content\/uploads\/2023\/09\/svs_tus_2023_09_09_009.jpg?ssl=1\"><img data-recalc-dims=\"1\" loading=\"lazy\" decoding=\"async\" style=\"background-image: none; padding-top: 0px; padding-left: 0px; margin: 0px; display: inline; padding-right: 0px; border: 0px;\" title=\"svs_tus_2023_09_09_009\" src=\"https:\/\/i0.wp.com\/www.tus-oppenau.de\/fussball\/wp-content\/uploads\/2023\/09\/svs_tus_2023_09_09_009_thumb.jpg?resize=244%2C164&#038;ssl=1\" alt=\"svs_tus_2023_09_09_009\" width=\"244\" height=\"164\" border=\"0\" \/><\/a><a href=\"https:\/\/i0.wp.com\/www.tus-oppenau.de\/fussball\/wp-content\/uploads\/2023\/09\/svs_tus_2023_09_09_010.jpg?ssl=1\"><img data-recalc-dims=\"1\" loading=\"lazy\" decoding=\"async\" style=\"background-image: none; padding-top: 0px; padding-left: 0px; margin: 0px; display: inline; padding-right: 0px; border: 0px;\" title=\"svs_tus_2023_09_09_010\" src=\"https:\/\/i0.wp.com\/www.tus-oppenau.de\/fussball\/wp-content\/uploads\/2023\/09\/svs_tus_2023_09_09_010_thumb.jpg?resize=244%2C164&#038;ssl=1\" alt=\"svs_tus_2023_09_09_010\" width=\"244\" height=\"164\" border=\"0\" \/><\/a><a href=\"https:\/\/i0.wp.com\/www.tus-oppenau.de\/fussball\/wp-content\/uploads\/2023\/09\/svs_tus_2023_09_09_011.jpg?ssl=1\"><img data-recalc-dims=\"1\" loading=\"lazy\" decoding=\"async\" style=\"background-image: none; padding-top: 0px; padding-left: 0px; margin: 0px; display: inline; padding-right: 0px; border: 0px;\" title=\"svs_tus_2023_09_09_011\" src=\"https:\/\/i0.wp.com\/www.tus-oppenau.de\/fussball\/wp-content\/uploads\/2023\/09\/svs_tus_2023_09_09_011_thumb.jpg?resize=244%2C164&#038;ssl=1\" alt=\"svs_tus_2023_09_09_011\" width=\"244\" height=\"164\" border=\"0\" \/><\/a><a href=\"https:\/\/i0.wp.com\/www.tus-oppenau.de\/fussball\/wp-content\/uploads\/2023\/09\/svs_tus_2023_09_09_012.jpg?ssl=1\"><img data-recalc-dims=\"1\" loading=\"lazy\" decoding=\"async\" style=\"background-image: none; padding-top: 0px; padding-left: 0px; margin: 0px; display: inline; padding-right: 0px; border: 0px;\" title=\"svs_tus_2023_09_09_012\" src=\"https:\/\/i0.wp.com\/www.tus-oppenau.de\/fussball\/wp-content\/uploads\/2023\/09\/svs_tus_2023_09_09_012_thumb.jpg?resize=244%2C164&#038;ssl=1\" alt=\"svs_tus_2023_09_09_012\" width=\"244\" height=\"164\" border=\"0\" \/><\/a><a href=\"https:\/\/i0.wp.com\/www.tus-oppenau.de\/fussball\/wp-content\/uploads\/2023\/09\/svs_tus_2023_09_09_013.jpg?ssl=1\"><img data-recalc-dims=\"1\" loading=\"lazy\" decoding=\"async\" style=\"background-image: none; padding-top: 0px; padding-left: 0px; margin: 0px; display: inline; padding-right: 0px; border: 0px;\" title=\"svs_tus_2023_09_09_013\" src=\"https:\/\/i0.wp.com\/www.tus-oppenau.de\/fussball\/wp-content\/uploads\/2023\/09\/svs_tus_2023_09_09_013_thumb.jpg?resize=244%2C164&#038;ssl=1\" alt=\"svs_tus_2023_09_09_013\" width=\"244\" height=\"164\" border=\"0\" \/><\/a><a href=\"https:\/\/i0.wp.com\/www.tus-oppenau.de\/fussball\/wp-content\/uploads\/2023\/09\/svs_tus_2023_09_09_014.jpg?ssl=1\"><img data-recalc-dims=\"1\" loading=\"lazy\" decoding=\"async\" style=\"background-image: none; padding-top: 0px; padding-left: 0px; margin: 0px; display: inline; padding-right: 0px; border: 0px;\" title=\"svs_tus_2023_09_09_014\" src=\"https:\/\/i0.wp.com\/www.tus-oppenau.de\/fussball\/wp-content\/uploads\/2023\/09\/svs_tus_2023_09_09_014_thumb.jpg?resize=244%2C164&#038;ssl=1\" alt=\"svs_tus_2023_09_09_014\" width=\"244\" height=\"164\" border=\"0\" \/><\/a><a href=\"https:\/\/i0.wp.com\/www.tus-oppenau.de\/fussball\/wp-content\/uploads\/2023\/09\/svs_tus_2023_09_09_015.jpg?ssl=1\"><img data-recalc-dims=\"1\" loading=\"lazy\" decoding=\"async\" style=\"background-image: none; padding-top: 0px; padding-left: 0px; margin: 0px; display: inline; padding-right: 0px; border: 0px;\" title=\"svs_tus_2023_09_09_015\" src=\"https:\/\/i0.wp.com\/www.tus-oppenau.de\/fussball\/wp-content\/uploads\/2023\/09\/svs_tus_2023_09_09_015_thumb.jpg?resize=244%2C164&#038;ssl=1\" alt=\"svs_tus_2023_09_09_015\" width=\"244\" height=\"164\" border=\"0\" \/><\/a><a href=\"https:\/\/i0.wp.com\/www.tus-oppenau.de\/fussball\/wp-content\/uploads\/2023\/09\/svs_tus_2023_09_09_017.jpg?ssl=1\"><img data-recalc-dims=\"1\" loading=\"lazy\" decoding=\"async\" style=\"background-image: none; padding-top: 0px; padding-left: 0px; margin: 0px; display: inline; padding-right: 0px; border: 0px;\" title=\"svs_tus_2023_09_09_017\" src=\"https:\/\/i0.wp.com\/www.tus-oppenau.de\/fussball\/wp-content\/uploads\/2023\/09\/svs_tus_2023_09_09_017_thumb.jpg?resize=244%2C164&#038;ssl=1\" alt=\"svs_tus_2023_09_09_017\" width=\"244\" height=\"164\" border=\"0\" \/><\/a><a href=\"https:\/\/i0.wp.com\/www.tus-oppenau.de\/fussball\/wp-content\/uploads\/2023\/09\/svs_tus_2023_09_09_018.jpg?ssl=1\"><img data-recalc-dims=\"1\" loading=\"lazy\" decoding=\"async\" style=\"background-image: none; padding-top: 0px; padding-left: 0px; margin: 0px; display: inline; padding-right: 0px; border: 0px;\" title=\"svs_tus_2023_09_09_018\" src=\"https:\/\/i0.wp.com\/www.tus-oppenau.de\/fussball\/wp-content\/uploads\/2023\/09\/svs_tus_2023_09_09_018_thumb.jpg?resize=244%2C164&#038;ssl=1\" alt=\"svs_tus_2023_09_09_018\" width=\"244\" height=\"164\" border=\"0\" \/><\/a><a href=\"https:\/\/i0.wp.com\/www.tus-oppenau.de\/fussball\/wp-content\/uploads\/2023\/09\/svs_tus_2023_09_09_019.jpg?ssl=1\"><img data-recalc-dims=\"1\" loading=\"lazy\" decoding=\"async\" style=\"background-image: none; padding-top: 0px; padding-left: 0px; margin: 0px; display: inline; padding-right: 0px; border: 0px;\" title=\"svs_tus_2023_09_09_019\" src=\"https:\/\/i0.wp.com\/www.tus-oppenau.de\/fussball\/wp-content\/uploads\/2023\/09\/svs_tus_2023_09_09_019_thumb.jpg?resize=244%2C164&#038;ssl=1\" alt=\"svs_tus_2023_09_09_019\" width=\"244\" height=\"164\" border=\"0\" \/><\/a><a href=\"https:\/\/i0.wp.com\/www.tus-oppenau.de\/fussball\/wp-content\/uploads\/2023\/09\/svs_tus_2023_09_09_020.jpg?ssl=1\"><img data-recalc-dims=\"1\" loading=\"lazy\" decoding=\"async\" style=\"background-image: none; padding-top: 0px; padding-left: 0px; display: inline; padding-right: 0px; border: 0px;\" title=\"svs_tus_2023_09_09_020\" src=\"https:\/\/i0.wp.com\/www.tus-oppenau.de\/fussball\/wp-content\/uploads\/2023\/09\/svs_tus_2023_09_09_020_thumb.jpg?resize=244%2C164&#038;ssl=1\" alt=\"svs_tus_2023_09_09_020\" width=\"244\" height=\"164\" border=\"0\" \/><\/a><\/p>\n<p>Vielen Dank an <strong>Chiara Torzi<\/strong> f\u00fcr die Bilder vom Ausw\u00e4rtsspiel in Sinzheim.<\/p>\n<p><a href=\"https:\/\/i0.wp.com\/www.tus-oppenau.de\/fussball\/wp-content\/uploads\/2023\/09\/svs_tus_2023_09_09_018-1.jpg?ssl=1\"><img data-recalc-dims=\"1\" loading=\"lazy\" decoding=\"async\" style=\"background-image: none; padding-top: 0px; padding-left: 0px; display: inline; padding-right: 0px; border: 0px;\" title=\"svs_tus_2023_09_09_018\" src=\"https:\/\/i0.wp.com\/www.tus-oppenau.de\/fussball\/wp-content\/uploads\/2023\/09\/svs_tus_2023_09_09_018_thumb-1.jpg?resize=474%2C318&#038;ssl=1\" alt=\"svs_tus_2023_09_09_018\" width=\"474\" height=\"318\" border=\"0\" \/><\/a><\/p>\n","protected":false},"excerpt":{"rendered":"<p>Samstag 09.09.2023 SV Sinzheim \u2013 TuS Oppenau 1:1 (0:1). Torsch\u00fctze: Matthias Kimmig . Vielen Dank an Chiara Torzi f\u00fcr die Bilder vom Ausw\u00e4rtsspiel in Sinzheim.<\/p>\n","protected":false},"author":47,"featured_media":0,"comment_status":"closed","ping_status":"open","sticky":false,"template":"","format":"gallery","meta":{"_jetpack_memberships_contains_paid_content":false,"footnotes":"","jetpack_publicize_message":"","jetpack_publicize_feature_enabled":true,"jetpack_social_post_already_shared":true,"jetpack_social_options":{"image_generator_settings":{"template":"highway","default_image_id":0,"font":"","enabled":false},"version":2}},"categories":[247],"tags":[],"class_list":["post-9873","post","type-post","status-publish","format-gallery","hentry","category-1-mannschaft","post_format-post-format-gallery"],"jetpack_publicize_connections":[],"jetpack_featured_media_url":"","jetpack_sharing_enabled":true,"jetpack_likes_enabled":true,"_links":{"self":[{"href":"https:\/\/www.tus-oppenau.de\/fussball\/wp-json\/wp\/v2\/posts\/9873","targetHints":{"allow":["GET"]}}],"collection":[{"href":"https:\/\/www.tus-oppenau.de\/fussball\/wp-json\/wp\/v2\/posts"}],"about":[{"href":"https:\/\/www.tus-oppenau.de\/fussball\/wp-json\/wp\/v2\/types\/post"}],"author":[{"embeddable":true,"href":"https:\/\/www.tus-oppenau.de\/fussball\/wp-json\/wp\/v2\/users\/47"}],"replies":[{"embeddable":true,"href":"https:\/\/www.tus-oppenau.de\/fussball\/wp-json\/wp\/v2\/comments?post=9873"}],"version-history":[{"count":2,"href":"https:\/\/www.tus-oppenau.de\/fussball\/wp-json\/wp\/v2\/posts\/9873\/revisions"}],"predecessor-version":[{"id":10493,"href":"https:\/\/www.tus-oppenau.de\/fussball\/wp-json\/wp\/v2\/posts\/9873\/revisions\/10493"}],"wp:attachment":[{"href":"https:\/\/www.tus-oppenau.de\/fussball\/wp-json\/wp\/v2\/media?parent=9873"}],"wp:term":[{"taxonomy":"category","embeddable":true,"href":"https:\/\/www.tus-oppenau.de\/fussball\/wp-json\/wp\/v2\/categories?post=9873"},{"taxonomy":"post_tag","embeddable":true,"href":"https:\/\/www.tus-oppenau.de\/fussball\/wp-json\/wp\/v2\/tags?post=9873"}],"curies":[{"name":"wp","href":"https:\/\/api.w.org\/{rel}","templated":true}]}}