{"id":9942,"date":"2023-09-18T22:11:06","date_gmt":"2023-09-18T20:11:06","guid":{"rendered":"https:\/\/www.tus-oppenau.de\/fussball\/?p=9942"},"modified":"2023-09-18T22:11:06","modified_gmt":"2023-09-18T20:11:06","slug":"6-renchtler-supercup","status":"publish","type":"post","link":"https:\/\/www.tus-oppenau.de\/fussball\/2023\/09\/6-renchtler-supercup\/","title":{"rendered":"6. Rencht&auml;ler Supercup"},"content":{"rendered":"<p><strong>Der diesj\u00e4hrige Supercup wurde vom SV Stadelhofen ausgerichtet. Bei hochsommerlichen Verh\u00e4ltnissen trafen \u00fcber 300 Kinder aufeinander. <\/strong> <\/p>\n<p><a href=\"https:\/\/i0.wp.com\/www.tus-oppenau.de\/fussball\/wp-content\/uploads\/2023\/09\/SuperCup_1.jpg?ssl=1\"><img data-recalc-dims=\"1\" loading=\"lazy\" decoding=\"async\" title=\"SuperCup_1\" style=\"border-top: 0px; border-right: 0px; background-image: none; border-bottom: 0px; padding-top: 0px; padding-left: 0px; border-left: 0px; display: inline; padding-right: 0px\" border=\"0\" alt=\"SuperCup_1\" src=\"https:\/\/i0.wp.com\/www.tus-oppenau.de\/fussball\/wp-content\/uploads\/2023\/09\/SuperCup_1_thumb.jpg?resize=474%2C243&#038;ssl=1\" width=\"474\" height=\"243\"><\/a> <\/p>\n<p><strong>Der TuS war mit 9 Mannschaften, 12 Trainern und 50 Kids am Start.<\/strong> <\/p>\n<p><a href=\"https:\/\/i0.wp.com\/www.tus-oppenau.de\/fussball\/wp-content\/uploads\/2023\/09\/TuS-Trainer.jpg?ssl=1\"><img data-recalc-dims=\"1\" loading=\"lazy\" decoding=\"async\" title=\"TuS Trainer\" style=\"border-top: 0px; border-right: 0px; background-image: none; border-bottom: 0px; padding-top: 0px; padding-left: 0px; border-left: 0px; display: inline; padding-right: 0px\" border=\"0\" alt=\"TuS Trainer\" src=\"https:\/\/i0.wp.com\/www.tus-oppenau.de\/fussball\/wp-content\/uploads\/2023\/09\/TuS-Trainer_thumb.jpg?resize=474%2C310&#038;ssl=1\" width=\"474\" height=\"310\"><\/a><br \/>Hier unsere TuS Trainer bei der Siegerehrung <\/p>\n<p>Auch wenn das Ganze ohne Gewinner und Pokale stattfand, waren f\u00fcr die Spieler, Eltern und Trainer die sportlichen Erfolge verst\u00e4ndlicher Weise trotzdem ein freudiges Thema <\/p>\n<p><a href=\"https:\/\/i0.wp.com\/www.tus-oppenau.de\/fussball\/wp-content\/uploads\/2023\/09\/D-Junioren.jpg?ssl=1\"><img data-recalc-dims=\"1\" loading=\"lazy\" decoding=\"async\" title=\"D-Junioren\" style=\"border-top: 0px; border-right: 0px; background-image: none; border-bottom: 0px; padding-top: 0px; padding-left: 0px; border-left: 0px; display: inline; padding-right: 0px\" border=\"0\" alt=\"D-Junioren\" src=\"https:\/\/i0.wp.com\/www.tus-oppenau.de\/fussball\/wp-content\/uploads\/2023\/09\/D-Junioren_thumb.jpg?resize=474%2C358&#038;ssl=1\" width=\"474\" height=\"358\"><\/a><\/p>\n<p>So dominierten unsere D Junioren mit 2 Teams im \u201eFinale\u201c.&nbsp; \u2026 und unsere E2 holte ebenfalls den \u201eTitel\u201c<\/p>\n<p><a href=\"https:\/\/i0.wp.com\/www.tus-oppenau.de\/fussball\/wp-content\/uploads\/2023\/09\/E2_Junioren.jpg?ssl=1\"><img data-recalc-dims=\"1\" loading=\"lazy\" decoding=\"async\" title=\"E2_Junioren\" style=\"border-top: 0px; border-right: 0px; background-image: none; border-bottom: 0px; padding-top: 0px; padding-left: 0px; border-left: 0px; display: inline; padding-right: 0px\" border=\"0\" alt=\"E2_Junioren\" src=\"https:\/\/i0.wp.com\/www.tus-oppenau.de\/fussball\/wp-content\/uploads\/2023\/09\/E2_Junioren_thumb.jpg?resize=474%2C319&#038;ssl=1\" width=\"474\" height=\"319\"><\/a><\/p>\n<p>Die F-Junioren unterlagen im Finale ungl\u00fccklich und den Bambinis ging bei den tropischen Bedingungen an Ende leider etwas die Puste aus. <\/p>\n<p><a href=\"https:\/\/i0.wp.com\/www.tus-oppenau.de\/fussball\/wp-content\/uploads\/2023\/09\/F-Junioren.jpg?ssl=1\"><img data-recalc-dims=\"1\" loading=\"lazy\" decoding=\"async\" title=\"F-Junioren\" style=\"border-top: 0px; border-right: 0px; background-image: none; border-bottom: 0px; padding-top: 0px; padding-left: 0px; border-left: 0px; display: inline; padding-right: 0px\" border=\"0\" alt=\"F-Junioren\" src=\"https:\/\/i0.wp.com\/www.tus-oppenau.de\/fussball\/wp-content\/uploads\/2023\/09\/F-Junioren_thumb.jpg?resize=474%2C290&#038;ssl=1\" width=\"474\" height=\"290\"><\/a> <\/p>\n<p>Nach Turnierende waren alle Beteiligten gl\u00fccklich und zufrieden, zumal die Kids noch Gutscheine und Freigetr\u00e4nke bekamen !<br \/>\u2026 und die Vereine 4 Funino-Tore f\u00fcrs Training<\/p>\n<p><strong>Ein Dank nochmal an den SV Stadelhofen und die Fussballschule Renchtal, besonders an die Familie Irsfeld.<\/strong><\/p>\n<p><a href=\"https:\/\/i0.wp.com\/www.tus-oppenau.de\/fussball\/wp-content\/uploads\/2023\/09\/SuperCup_2.jpg?ssl=1\"><img data-recalc-dims=\"1\" loading=\"lazy\" decoding=\"async\" title=\"SuperCup_2\" style=\"border-top: 0px; border-right: 0px; background-image: none; border-bottom: 0px; padding-top: 0px; padding-left: 0px; border-left: 0px; display: inline; padding-right: 0px\" border=\"0\" alt=\"SuperCup_2\" src=\"https:\/\/i0.wp.com\/www.tus-oppenau.de\/fussball\/wp-content\/uploads\/2023\/09\/SuperCup_2_thumb.jpg?resize=474%2C357&#038;ssl=1\" width=\"474\" height=\"357\"><\/a><\/p>\n<p>Der n\u00e4chste Rencht\u00e4ler Supercup findet 2024 beim SV Lautenbach statt.<\/p>\n","protected":false},"excerpt":{"rendered":"<p>Der diesj\u00e4hrige Supercup wurde vom SV Stadelhofen ausgerichtet. Bei hochsommerlichen Verh\u00e4ltnissen trafen \u00fcber 300 Kinder aufeinander. Der TuS war mit 9 Mannschaften, 12 Trainern und 50 Kids am Start. Hier unsere TuS Trainer bei der Siegerehrung Auch wenn das Ganze ohne Gewinner und Pokale stattfand, waren f\u00fcr die Spieler, Eltern und Trainer die sportlichen Erfolge &hellip; <a href=\"https:\/\/www.tus-oppenau.de\/fussball\/2023\/09\/6-renchtler-supercup\/\" class=\"more-link\"><span class=\"screen-reader-text\">6. Rencht&auml;ler Supercup<\/span> weiterlesen <span class=\"meta-nav\">&rarr;<\/span><\/a><\/p>\n","protected":false},"author":47,"featured_media":0,"comment_status":"closed","ping_status":"open","sticky":false,"template":"","format":"standard","meta":{"_jetpack_memberships_contains_paid_content":false,"footnotes":"","jetpack_publicize_message":"","jetpack_publicize_feature_enabled":true,"jetpack_social_post_already_shared":true,"jetpack_social_options":{"image_generator_settings":{"template":"highway","default_image_id":0,"font":"","enabled":false},"version":2}},"categories":[262,272,273,274,268],"tags":[],"class_list":["post-9942","post","type-post","status-publish","format-standard","hentry","category-d-junioren","category-e-junioren","category-f-junioren","category-g-junioren-bambinis","category-jugend"],"jetpack_publicize_connections":[],"jetpack_featured_media_url":"","jetpack_sharing_enabled":true,"jetpack_likes_enabled":true,"_links":{"self":[{"href":"https:\/\/www.tus-oppenau.de\/fussball\/wp-json\/wp\/v2\/posts\/9942","targetHints":{"allow":["GET"]}}],"collection":[{"href":"https:\/\/www.tus-oppenau.de\/fussball\/wp-json\/wp\/v2\/posts"}],"about":[{"href":"https:\/\/www.tus-oppenau.de\/fussball\/wp-json\/wp\/v2\/types\/post"}],"author":[{"embeddable":true,"href":"https:\/\/www.tus-oppenau.de\/fussball\/wp-json\/wp\/v2\/users\/47"}],"replies":[{"embeddable":true,"href":"https:\/\/www.tus-oppenau.de\/fussball\/wp-json\/wp\/v2\/comments?post=9942"}],"version-history":[{"count":1,"href":"https:\/\/www.tus-oppenau.de\/fussball\/wp-json\/wp\/v2\/posts\/9942\/revisions"}],"predecessor-version":[{"id":9943,"href":"https:\/\/www.tus-oppenau.de\/fussball\/wp-json\/wp\/v2\/posts\/9942\/revisions\/9943"}],"wp:attachment":[{"href":"https:\/\/www.tus-oppenau.de\/fussball\/wp-json\/wp\/v2\/media?parent=9942"}],"wp:term":[{"taxonomy":"category","embeddable":true,"href":"https:\/\/www.tus-oppenau.de\/fussball\/wp-json\/wp\/v2\/categories?post=9942"},{"taxonomy":"post_tag","embeddable":true,"href":"https:\/\/www.tus-oppenau.de\/fussball\/wp-json\/wp\/v2\/tags?post=9942"}],"curies":[{"name":"wp","href":"https:\/\/api.w.org\/{rel}","templated":true}]}}