{"id":9950,"date":"2023-09-23T11:36:31","date_gmt":"2023-09-23T09:36:31","guid":{"rendered":"https:\/\/www.tus-oppenau.de\/fussball\/?p=9950"},"modified":"2023-11-20T15:22:10","modified_gmt":"2023-11-20T13:22:10","slug":"hochzeit-von-patricia-nicolas","status":"publish","type":"post","link":"https:\/\/www.tus-oppenau.de\/fussball\/2023\/09\/hochzeit-von-patricia-nicolas\/","title":{"rendered":"Hochzeit von Patricia &amp; Nicolas"},"content":{"rendered":"<p align=\"justify\">Am Freitag gaben sich Patricia Kimmig und Nicolas Lietz das Ja-Wort. Der Wortgottesdienst mit Trauung fand in der Kapelle St. Anna auf dem Dollenberg statt. Die Mannschaftskollegen lie\u00dfen es sich nicht nehmen und standen dem Hochzeitspaar Spalier.<\/p>\n<p align=\"justify\"><a href=\"https:\/\/i0.wp.com\/www.tus-oppenau.de\/fussball\/wp-content\/uploads\/2023\/09\/Hochzeit_1a.jpg?ssl=1\"><img data-recalc-dims=\"1\" loading=\"lazy\" decoding=\"async\" style=\"background-image: none; padding-top: 0px; padding-left: 0px; display: inline; padding-right: 0px; border: 0px;\" title=\"Hochzeit_1a\" src=\"https:\/\/i0.wp.com\/www.tus-oppenau.de\/fussball\/wp-content\/uploads\/2023\/09\/Hochzeit_1a_thumb.jpg?resize=474%2C251&#038;ssl=1\" alt=\"Hochzeit_1a\" width=\"474\" height=\"251\" border=\"0\" \/><\/a><\/p>\n<p align=\"justify\"><a href=\"https:\/\/i0.wp.com\/www.tus-oppenau.de\/fussball\/wp-content\/uploads\/2023\/09\/Spalier.jpg?ssl=1\"><img data-recalc-dims=\"1\" loading=\"lazy\" decoding=\"async\" style=\"background-image: none; padding-top: 0px; padding-left: 0px; display: inline; padding-right: 0px; border: 0px;\" title=\"Spalier\" src=\"https:\/\/i0.wp.com\/www.tus-oppenau.de\/fussball\/wp-content\/uploads\/2023\/09\/Spalier_thumb.jpg?resize=321%2C427&#038;ssl=1\" alt=\"Spalier\" width=\"321\" height=\"427\" border=\"0\" \/><\/a><\/p>\n<p align=\"justify\"><strong>Die Fu\u00dfballabteilung des TuS Oppenau w\u00fcnscht den beiden Frischverm\u00e4hlten alles Gute auf dem gemeinsamen Lebensweg.<\/strong><\/p>\n<p align=\"justify\"><a href=\"https:\/\/i0.wp.com\/www.tus-oppenau.de\/fussball\/wp-content\/uploads\/2023\/09\/Hochzeit_2a.jpg?ssl=1\"><img data-recalc-dims=\"1\" loading=\"lazy\" decoding=\"async\" style=\"background-image: none; padding-top: 0px; padding-left: 0px; display: inline; padding-right: 0px; border: 0px;\" title=\"Hochzeit_2a\" src=\"https:\/\/i0.wp.com\/www.tus-oppenau.de\/fussball\/wp-content\/uploads\/2023\/09\/Hochzeit_2a_thumb.jpg?resize=474%2C276&#038;ssl=1\" alt=\"Hochzeit_2a\" width=\"474\" height=\"276\" border=\"0\" \/><\/a><\/p>\n","protected":false},"excerpt":{"rendered":"<p>Am Freitag gaben sich Patricia Kimmig und Nicolas Lietz das Ja-Wort. Der Wortgottesdienst mit Trauung fand in der Kapelle St. Anna auf dem Dollenberg statt. Die Mannschaftskollegen lie\u00dfen es sich nicht nehmen und standen dem Hochzeitspaar Spalier. Die Fu\u00dfballabteilung des TuS Oppenau w\u00fcnscht den beiden Frischverm\u00e4hlten alles Gute auf dem gemeinsamen Lebensweg.<\/p>\n","protected":false},"author":47,"featured_media":9948,"comment_status":"closed","ping_status":"open","sticky":false,"template":"","format":"standard","meta":{"_jetpack_memberships_contains_paid_content":false,"footnotes":"","jetpack_publicize_message":"","jetpack_publicize_feature_enabled":true,"jetpack_social_post_already_shared":true,"jetpack_social_options":{"image_generator_settings":{"template":"highway","default_image_id":0,"font":"","enabled":false},"version":2}},"categories":[247],"tags":[],"class_list":["post-9950","post","type-post","status-publish","format-standard","has-post-thumbnail","hentry","category-1-mannschaft"],"jetpack_publicize_connections":[],"jetpack_featured_media_url":"https:\/\/i0.wp.com\/www.tus-oppenau.de\/fussball\/wp-content\/uploads\/2023\/09\/Hochzeit_2a.jpg?fit=933%2C542&ssl=1","jetpack_sharing_enabled":true,"jetpack_likes_enabled":true,"_links":{"self":[{"href":"https:\/\/www.tus-oppenau.de\/fussball\/wp-json\/wp\/v2\/posts\/9950","targetHints":{"allow":["GET"]}}],"collection":[{"href":"https:\/\/www.tus-oppenau.de\/fussball\/wp-json\/wp\/v2\/posts"}],"about":[{"href":"https:\/\/www.tus-oppenau.de\/fussball\/wp-json\/wp\/v2\/types\/post"}],"author":[{"embeddable":true,"href":"https:\/\/www.tus-oppenau.de\/fussball\/wp-json\/wp\/v2\/users\/47"}],"replies":[{"embeddable":true,"href":"https:\/\/www.tus-oppenau.de\/fussball\/wp-json\/wp\/v2\/comments?post=9950"}],"version-history":[{"count":2,"href":"https:\/\/www.tus-oppenau.de\/fussball\/wp-json\/wp\/v2\/posts\/9950\/revisions"}],"predecessor-version":[{"id":10236,"href":"https:\/\/www.tus-oppenau.de\/fussball\/wp-json\/wp\/v2\/posts\/9950\/revisions\/10236"}],"wp:featuredmedia":[{"embeddable":true,"href":"https:\/\/www.tus-oppenau.de\/fussball\/wp-json\/wp\/v2\/media\/9948"}],"wp:attachment":[{"href":"https:\/\/www.tus-oppenau.de\/fussball\/wp-json\/wp\/v2\/media?parent=9950"}],"wp:term":[{"taxonomy":"category","embeddable":true,"href":"https:\/\/www.tus-oppenau.de\/fussball\/wp-json\/wp\/v2\/categories?post=9950"},{"taxonomy":"post_tag","embeddable":true,"href":"https:\/\/www.tus-oppenau.de\/fussball\/wp-json\/wp\/v2\/tags?post=9950"}],"curies":[{"name":"wp","href":"https:\/\/api.w.org\/{rel}","templated":true}]}}