{"id":9952,"date":"2023-10-01T17:49:05","date_gmt":"2023-10-01T15:49:05","guid":{"rendered":"https:\/\/www.tus-oppenau.de\/fussball\/?p=9952"},"modified":"2023-10-01T17:49:05","modified_gmt":"2023-10-01T15:49:05","slug":"kehl-landet-81-kantersieg-im-oppenau","status":"publish","type":"post","link":"https:\/\/www.tus-oppenau.de\/fussball\/2023\/10\/kehl-landet-81-kantersieg-im-oppenau\/","title":{"rendered":"Kehl landet 8:1 Kantersieg im Oppenau"},"content":{"rendered":"<p><strong>Einen auch in der H\u00f6he verdienten 8:1 Sieg landete der Kehler FV beim TuS Oppenau. Die mit sp\u00e4rlichen 4 Punkten angereisten G\u00e4ste waren an diesem Tag in allen Belangen klar die bessere Mannschaft und erspielten sich mehrere sehenswerte Tore. Auch im Zweikampfverhalten und insbesondere im Spiel \u00fcber die Au\u00dfen zeigte der Kehler FV Fu\u00dfball vom Feinsten. Oppenau lie\u00df \u00fcber das gesamte Spiel die Kompaktheit vermissen und fand kein Mittel im Spiel zur\u00fcckzufinden.<\/strong><\/p>\n<p>Kehl hatte zun\u00e4chst mehr Ballbesitz, Oppenau versuchte aus einer kompakten Defensive zu agieren. In der 5. Minute setzte sich Yanis Blust durch und legte f\u00fcr Matthias Kimmig dessen Abschluss auf die kurze Ecke knapp daneben . In der 10. Minute dann die F\u00fchrung f\u00fcr Kehl. Nach einem Handspiel nahm Kapit\u00e4n Venturini aus 20 Metern genau Ma\u00df und traf per direktem Freisto\u00df in die lange Ecke. Nun war Kehl am Dr\u00fccker und es rollte Angriff auf Angriff in Richtung Oppenauer Tor. In der 15. Minute konnte Turri einen Abschluss von Jeremy Stroh noch kl\u00e4ren. In der 20. Minute verpasste Venturini nach einem Eckball nur knapp. Kurz ging Simon Schulze \u00fcber rechts steil, legte denn Ball zur\u00fcck und Haridi, der traf aus 8 Metern in die lange Ecke zum 0:2. In der 24. Minute griff Kehl \u00fcber links an, legte den Ball erneut zur\u00fcck, Paquarizi traf flach in die lange Ecke zum 0:3. In der 29. Minute war es erneut Paquarizi mit einem sehenswerten Abschluss, Turri hielt den Ball aber. In der 34. Minute dann bereits das 4:0. Ein kurzer Eckball wurde verl\u00e4ngert und Jeremy Stroh traf mit einem Volleyschuss in die Maschen. In der 38. Minute wechselte Oppenaus Trainer Rico Meier gleich doppelt. Bis zur Pause kontrollierte Kehl das Spiel weiterhin, in der 44. Minute \u00a0landete ein Heber von Paquarizi \u00fcber den heraus eilenden Turri auf der Querlatte. Mit der verdienten 4:0 F\u00fchrung ging es danach in die Pause.<\/p>\n<p>Kehl kam mit unver\u00e4ndertem Engagement aus der Pause und hatte in der 50. Minute Gl\u00fcck oder K\u00f6nnen, als ein langer hoher Ball aus 40 Metern von Jeremy Stroh genau unter der Querlatte im Oppenauer Tor einschlug zum 5:0. In der 57. Minute nahm Venturini aus 20 Metern genau Ma\u00df und traf sehenswert unter die Querlatte zum 6:0. In der 62. Minute kassierte Rios auf Kehler Seite die Rote Karte. Am Spielgeschehen \u00e4nderte dies wenig, Kehl blieb weiterhin und in der 70. Minute traf Stroh, nachdem Turri zun\u00e4chst noch kl\u00e4ren konnte, im nachsetzen per Kopf zum 7:0. \u00a0Kurz darauf war es erneut der gl\u00e4nzend aufgelegte Stroh, der zum 8:0 traf. Den Ehrentreffer f\u00fcr Oppenau erzielte Florian M\u00fcller per Foulelfmeter in der 83. Minute. Kehl kann nach diesem Befreiungsschlag aufatmen, Oppenau wird sicherlich einiges aufzuarbeiten haben, um wieder in die Spur zu finden.<\/p>\n<p>Oppenau: Turri, Gerlach (63. Langguth), Lietz, Heiberger (63. \u00d6zenc), M\u00fcller, Hoch (38. Keller), Blust, Sch\u00e4uble, Laifer, Kimmig, Wirth (38. Gaiser)<\/p>\n<p>Kehl: Mutschler, Zdraveski, Ziane, Mohamed Haridi (73. Luka Petrovic), Anthony Haridi, Mavoungou (73. Maxim Petrovic), Rios, Stroh, Paqvarizi, Venturini, Cascoin, Schulze<\/p>\n<p>Tore:<\/p>\n<p>0:1 (11.) Venturini<br \/>\n0:2 (20.) \u00a0Haridi<br \/>\n0:3 (24.) Paqvarizi<br \/>\n0:4 (34.) Stroh<br \/>\n0:5 (50.) Stroh<br \/>\n0:6 (57.) Venturini<br \/>\n0:7 (70.) Stroh<br \/>\n0:8 (75.) Stroh<br \/>\n1:0 (83.) M\u00fcller<\/p>\n<p>Rote Karte: Rios Kehl (62.)<\/p>\n","protected":false},"excerpt":{"rendered":"<p>Einen auch in der H\u00f6he verdienten 8:1 Sieg landete der Kehler FV beim TuS Oppenau. Die mit sp\u00e4rlichen 4 Punkten angereisten G\u00e4ste waren an diesem Tag in allen Belangen klar die bessere Mannschaft und erspielten sich mehrere sehenswerte Tore. Auch im Zweikampfverhalten und insbesondere im Spiel \u00fcber die Au\u00dfen zeigte der Kehler FV Fu\u00dfball vom &hellip; <a href=\"https:\/\/www.tus-oppenau.de\/fussball\/2023\/10\/kehl-landet-81-kantersieg-im-oppenau\/\" class=\"more-link\"><span class=\"screen-reader-text\">Kehl landet 8:1 Kantersieg im Oppenau<\/span> weiterlesen <span class=\"meta-nav\">&rarr;<\/span><\/a><\/p>\n","protected":false},"author":93,"featured_media":0,"comment_status":"closed","ping_status":"open","sticky":false,"template":"","format":"standard","meta":{"_jetpack_memberships_contains_paid_content":false,"footnotes":"","jetpack_publicize_message":"","jetpack_publicize_feature_enabled":true,"jetpack_social_post_already_shared":true,"jetpack_social_options":{"image_generator_settings":{"template":"highway","default_image_id":0,"font":"","enabled":false},"version":2}},"categories":[247],"tags":[],"class_list":["post-9952","post","type-post","status-publish","format-standard","hentry","category-1-mannschaft"],"jetpack_publicize_connections":[],"jetpack_featured_media_url":"","jetpack_sharing_enabled":true,"jetpack_likes_enabled":true,"_links":{"self":[{"href":"https:\/\/www.tus-oppenau.de\/fussball\/wp-json\/wp\/v2\/posts\/9952","targetHints":{"allow":["GET"]}}],"collection":[{"href":"https:\/\/www.tus-oppenau.de\/fussball\/wp-json\/wp\/v2\/posts"}],"about":[{"href":"https:\/\/www.tus-oppenau.de\/fussball\/wp-json\/wp\/v2\/types\/post"}],"author":[{"embeddable":true,"href":"https:\/\/www.tus-oppenau.de\/fussball\/wp-json\/wp\/v2\/users\/93"}],"replies":[{"embeddable":true,"href":"https:\/\/www.tus-oppenau.de\/fussball\/wp-json\/wp\/v2\/comments?post=9952"}],"version-history":[{"count":1,"href":"https:\/\/www.tus-oppenau.de\/fussball\/wp-json\/wp\/v2\/posts\/9952\/revisions"}],"predecessor-version":[{"id":9953,"href":"https:\/\/www.tus-oppenau.de\/fussball\/wp-json\/wp\/v2\/posts\/9952\/revisions\/9953"}],"wp:attachment":[{"href":"https:\/\/www.tus-oppenau.de\/fussball\/wp-json\/wp\/v2\/media?parent=9952"}],"wp:term":[{"taxonomy":"category","embeddable":true,"href":"https:\/\/www.tus-oppenau.de\/fussball\/wp-json\/wp\/v2\/categories?post=9952"},{"taxonomy":"post_tag","embeddable":true,"href":"https:\/\/www.tus-oppenau.de\/fussball\/wp-json\/wp\/v2\/tags?post=9952"}],"curies":[{"name":"wp","href":"https:\/\/api.w.org\/{rel}","templated":true}]}}