{"id":9992,"date":"2023-10-09T22:09:19","date_gmt":"2023-10-09T20:09:19","guid":{"rendered":"https:\/\/www.tus-oppenau.de\/fussball\/?p=9992"},"modified":"2023-12-11T18:14:05","modified_gmt":"2023-12-11T16:14:05","slug":"bilder-zum-auswrtsspiel-in-ottenau","status":"publish","type":"post","link":"https:\/\/www.tus-oppenau.de\/fussball\/2023\/10\/bilder-zum-auswrtsspiel-in-ottenau\/","title":{"rendered":"Bilder zum Ausw&auml;rtsspiel in Ottenau"},"content":{"rendered":"<p><strong>Samstag 07.10.2023<br \/>\n<strong>Spvgg Ottenau &#8211; TuS Oppenau 1:1 (1:0).<\/strong><\/strong><\/p>\n<p>Torsch\u00fctzen: Marek Huber<\/p>\n<p><a href=\"https:\/\/i0.wp.com\/www.tus-oppenau.de\/fussball\/wp-content\/uploads\/2023\/10\/Spvgg_tus_2023_10_07_001.jpg?ssl=1\"><img data-recalc-dims=\"1\" loading=\"lazy\" decoding=\"async\" style=\"background-image: none; padding-top: 0px; padding-left: 0px; margin: 0px; display: inline; padding-right: 0px; border: 0px;\" title=\"Spvgg_tus_2023_10_07_001\" src=\"https:\/\/i0.wp.com\/www.tus-oppenau.de\/fussball\/wp-content\/uploads\/2023\/10\/Spvgg_tus_2023_10_07_001_thumb.jpg?resize=244%2C164&#038;ssl=1\" alt=\"Spvgg_tus_2023_10_07_001\" width=\"244\" height=\"164\" border=\"0\" \/><\/a><a href=\"https:\/\/i0.wp.com\/www.tus-oppenau.de\/fussball\/wp-content\/uploads\/2023\/10\/Spvgg_tus_2023_10_07_002.jpg?ssl=1\"><img data-recalc-dims=\"1\" loading=\"lazy\" decoding=\"async\" style=\"background-image: none; padding-top: 0px; padding-left: 0px; margin: 0px; display: inline; padding-right: 0px; border: 0px;\" title=\"Spvgg_tus_2023_10_07_002\" src=\"https:\/\/i0.wp.com\/www.tus-oppenau.de\/fussball\/wp-content\/uploads\/2023\/10\/Spvgg_tus_2023_10_07_002_thumb.jpg?resize=244%2C164&#038;ssl=1\" alt=\"Spvgg_tus_2023_10_07_002\" width=\"244\" height=\"164\" border=\"0\" \/><\/a><a href=\"https:\/\/i0.wp.com\/www.tus-oppenau.de\/fussball\/wp-content\/uploads\/2023\/10\/Spvgg_tus_2023_10_07_003.jpg?ssl=1\"><img data-recalc-dims=\"1\" loading=\"lazy\" decoding=\"async\" style=\"background-image: none; padding-top: 0px; padding-left: 0px; margin: 0px; display: inline; padding-right: 0px; border: 0px;\" title=\"Spvgg_tus_2023_10_07_003\" src=\"https:\/\/i0.wp.com\/www.tus-oppenau.de\/fussball\/wp-content\/uploads\/2023\/10\/Spvgg_tus_2023_10_07_003_thumb.jpg?resize=244%2C164&#038;ssl=1\" alt=\"Spvgg_tus_2023_10_07_003\" width=\"244\" height=\"164\" border=\"0\" \/><\/a><a href=\"https:\/\/i0.wp.com\/www.tus-oppenau.de\/fussball\/wp-content\/uploads\/2023\/10\/Spvgg_tus_2023_10_07_004.jpg?ssl=1\"><img data-recalc-dims=\"1\" loading=\"lazy\" decoding=\"async\" style=\"background-image: none; padding-top: 0px; padding-left: 0px; margin: 0px; display: inline; padding-right: 0px; border: 0px;\" title=\"Spvgg_tus_2023_10_07_004\" src=\"https:\/\/i0.wp.com\/www.tus-oppenau.de\/fussball\/wp-content\/uploads\/2023\/10\/Spvgg_tus_2023_10_07_004_thumb.jpg?resize=244%2C164&#038;ssl=1\" alt=\"Spvgg_tus_2023_10_07_004\" width=\"244\" height=\"164\" border=\"0\" \/><\/a><a href=\"https:\/\/i0.wp.com\/www.tus-oppenau.de\/fussball\/wp-content\/uploads\/2023\/10\/Spvgg_tus_2023_10_07_005.jpg?ssl=1\"><img data-recalc-dims=\"1\" loading=\"lazy\" decoding=\"async\" style=\"background-image: none; padding-top: 0px; padding-left: 0px; margin: 0px; display: inline; padding-right: 0px; border: 0px;\" title=\"Spvgg_tus_2023_10_07_005\" src=\"https:\/\/i0.wp.com\/www.tus-oppenau.de\/fussball\/wp-content\/uploads\/2023\/10\/Spvgg_tus_2023_10_07_005_thumb.jpg?resize=244%2C164&#038;ssl=1\" alt=\"Spvgg_tus_2023_10_07_005\" width=\"244\" height=\"164\" border=\"0\" \/><\/a><a href=\"https:\/\/i0.wp.com\/www.tus-oppenau.de\/fussball\/wp-content\/uploads\/2023\/10\/Spvgg_tus_2023_10_07_006.jpg?ssl=1\"><img data-recalc-dims=\"1\" loading=\"lazy\" decoding=\"async\" style=\"background-image: none; padding-top: 0px; padding-left: 0px; margin: 0px; display: inline; padding-right: 0px; border: 0px;\" title=\"Spvgg_tus_2023_10_07_006\" src=\"https:\/\/i0.wp.com\/www.tus-oppenau.de\/fussball\/wp-content\/uploads\/2023\/10\/Spvgg_tus_2023_10_07_006_thumb.jpg?resize=244%2C164&#038;ssl=1\" alt=\"Spvgg_tus_2023_10_07_006\" width=\"244\" height=\"164\" border=\"0\" \/><\/a><a href=\"https:\/\/i0.wp.com\/www.tus-oppenau.de\/fussball\/wp-content\/uploads\/2023\/10\/Spvgg_tus_2023_10_07_007.jpg?ssl=1\"><img data-recalc-dims=\"1\" loading=\"lazy\" decoding=\"async\" style=\"background-image: none; padding-top: 0px; padding-left: 0px; margin: 0px; display: inline; padding-right: 0px; border: 0px;\" title=\"Spvgg_tus_2023_10_07_007\" src=\"https:\/\/i0.wp.com\/www.tus-oppenau.de\/fussball\/wp-content\/uploads\/2023\/10\/Spvgg_tus_2023_10_07_007_thumb.jpg?resize=244%2C164&#038;ssl=1\" alt=\"Spvgg_tus_2023_10_07_007\" width=\"244\" height=\"164\" border=\"0\" \/><\/a><a href=\"https:\/\/i0.wp.com\/www.tus-oppenau.de\/fussball\/wp-content\/uploads\/2023\/10\/Spvgg_tus_2023_10_07_008.jpg?ssl=1\"><img data-recalc-dims=\"1\" loading=\"lazy\" decoding=\"async\" style=\"background-image: none; padding-top: 0px; padding-left: 0px; margin: 0px; display: inline; padding-right: 0px; border: 0px;\" title=\"Spvgg_tus_2023_10_07_008\" src=\"https:\/\/i0.wp.com\/www.tus-oppenau.de\/fussball\/wp-content\/uploads\/2023\/10\/Spvgg_tus_2023_10_07_008_thumb.jpg?resize=244%2C164&#038;ssl=1\" alt=\"Spvgg_tus_2023_10_07_008\" width=\"244\" height=\"164\" border=\"0\" \/><\/a><a href=\"https:\/\/i0.wp.com\/www.tus-oppenau.de\/fussball\/wp-content\/uploads\/2023\/10\/Spvgg_tus_2023_10_07_009.jpg?ssl=1\"><img data-recalc-dims=\"1\" loading=\"lazy\" decoding=\"async\" style=\"background-image: none; padding-top: 0px; padding-left: 0px; margin: 0px; display: inline; padding-right: 0px; border: 0px;\" title=\"Spvgg_tus_2023_10_07_009\" src=\"https:\/\/i0.wp.com\/www.tus-oppenau.de\/fussball\/wp-content\/uploads\/2023\/10\/Spvgg_tus_2023_10_07_009_thumb.jpg?resize=244%2C164&#038;ssl=1\" alt=\"Spvgg_tus_2023_10_07_009\" width=\"244\" height=\"164\" border=\"0\" \/><\/a><a href=\"https:\/\/i0.wp.com\/www.tus-oppenau.de\/fussball\/wp-content\/uploads\/2023\/10\/Spvgg_tus_2023_10_07_010.jpg?ssl=1\"><img data-recalc-dims=\"1\" loading=\"lazy\" decoding=\"async\" style=\"background-image: none; padding-top: 0px; padding-left: 0px; margin: 0px; display: inline; padding-right: 0px; border: 0px;\" title=\"Spvgg_tus_2023_10_07_010\" src=\"https:\/\/i0.wp.com\/www.tus-oppenau.de\/fussball\/wp-content\/uploads\/2023\/10\/Spvgg_tus_2023_10_07_010_thumb.jpg?resize=244%2C164&#038;ssl=1\" alt=\"Spvgg_tus_2023_10_07_010\" width=\"244\" height=\"164\" border=\"0\" \/><\/a><a href=\"https:\/\/i0.wp.com\/www.tus-oppenau.de\/fussball\/wp-content\/uploads\/2023\/10\/Spvgg_tus_2023_10_07_011.jpg?ssl=1\"><img data-recalc-dims=\"1\" loading=\"lazy\" decoding=\"async\" style=\"background-image: none; padding-top: 0px; padding-left: 0px; margin: 0px; display: inline; padding-right: 0px; border: 0px;\" title=\"Spvgg_tus_2023_10_07_011\" src=\"https:\/\/i0.wp.com\/www.tus-oppenau.de\/fussball\/wp-content\/uploads\/2023\/10\/Spvgg_tus_2023_10_07_011_thumb.jpg?resize=244%2C164&#038;ssl=1\" alt=\"Spvgg_tus_2023_10_07_011\" width=\"244\" height=\"164\" border=\"0\" \/><\/a><a href=\"https:\/\/i0.wp.com\/www.tus-oppenau.de\/fussball\/wp-content\/uploads\/2023\/10\/Spvgg_tus_2023_10_07_012.jpg?ssl=1\"><img data-recalc-dims=\"1\" loading=\"lazy\" decoding=\"async\" style=\"background-image: none; padding-top: 0px; padding-left: 0px; margin: 0px; display: inline; padding-right: 0px; border: 0px;\" title=\"Spvgg_tus_2023_10_07_012\" src=\"https:\/\/i0.wp.com\/www.tus-oppenau.de\/fussball\/wp-content\/uploads\/2023\/10\/Spvgg_tus_2023_10_07_012_thumb.jpg?resize=244%2C164&#038;ssl=1\" alt=\"Spvgg_tus_2023_10_07_012\" width=\"244\" height=\"164\" border=\"0\" \/><\/a><a href=\"https:\/\/i0.wp.com\/www.tus-oppenau.de\/fussball\/wp-content\/uploads\/2023\/10\/Spvgg_tus_2023_10_07_013.jpg?ssl=1\"><img data-recalc-dims=\"1\" loading=\"lazy\" decoding=\"async\" style=\"background-image: none; padding-top: 0px; padding-left: 0px; margin: 0px; display: inline; padding-right: 0px; border: 0px;\" title=\"Spvgg_tus_2023_10_07_013\" src=\"https:\/\/i0.wp.com\/www.tus-oppenau.de\/fussball\/wp-content\/uploads\/2023\/10\/Spvgg_tus_2023_10_07_013_thumb.jpg?resize=244%2C164&#038;ssl=1\" alt=\"Spvgg_tus_2023_10_07_013\" width=\"244\" height=\"164\" border=\"0\" \/><\/a><a href=\"https:\/\/i0.wp.com\/www.tus-oppenau.de\/fussball\/wp-content\/uploads\/2023\/10\/Spvgg_tus_2023_10_07_014.jpg?ssl=1\"><img data-recalc-dims=\"1\" loading=\"lazy\" decoding=\"async\" style=\"background-image: none; padding-top: 0px; padding-left: 0px; margin: 0px; display: inline; padding-right: 0px; border: 0px;\" title=\"Spvgg_tus_2023_10_07_014\" src=\"https:\/\/i0.wp.com\/www.tus-oppenau.de\/fussball\/wp-content\/uploads\/2023\/10\/Spvgg_tus_2023_10_07_014_thumb.jpg?resize=244%2C164&#038;ssl=1\" alt=\"Spvgg_tus_2023_10_07_014\" width=\"244\" height=\"164\" border=\"0\" \/><\/a><a href=\"https:\/\/i0.wp.com\/www.tus-oppenau.de\/fussball\/wp-content\/uploads\/2023\/10\/Spvgg_tus_2023_10_07_015.jpg?ssl=1\"><img data-recalc-dims=\"1\" loading=\"lazy\" decoding=\"async\" style=\"background-image: none; padding-top: 0px; padding-left: 0px; margin: 0px; display: inline; padding-right: 0px; border: 0px;\" title=\"Spvgg_tus_2023_10_07_015\" src=\"https:\/\/i0.wp.com\/www.tus-oppenau.de\/fussball\/wp-content\/uploads\/2023\/10\/Spvgg_tus_2023_10_07_015_thumb.jpg?resize=244%2C164&#038;ssl=1\" alt=\"Spvgg_tus_2023_10_07_015\" width=\"244\" height=\"164\" border=\"0\" \/><\/a><a href=\"https:\/\/i0.wp.com\/www.tus-oppenau.de\/fussball\/wp-content\/uploads\/2023\/10\/Spvgg_tus_2023_10_07_016.jpg?ssl=1\"><img data-recalc-dims=\"1\" loading=\"lazy\" decoding=\"async\" style=\"background-image: none; padding-top: 0px; padding-left: 0px; margin: 0px; display: inline; padding-right: 0px; border: 0px;\" title=\"Spvgg_tus_2023_10_07_016\" src=\"https:\/\/i0.wp.com\/www.tus-oppenau.de\/fussball\/wp-content\/uploads\/2023\/10\/Spvgg_tus_2023_10_07_016_thumb.jpg?resize=244%2C164&#038;ssl=1\" alt=\"Spvgg_tus_2023_10_07_016\" width=\"244\" height=\"164\" border=\"0\" \/><\/a><a href=\"https:\/\/i0.wp.com\/www.tus-oppenau.de\/fussball\/wp-content\/uploads\/2023\/10\/Spvgg_tus_2023_10_07_017.jpg?ssl=1\"><img data-recalc-dims=\"1\" loading=\"lazy\" decoding=\"async\" style=\"background-image: none; padding-top: 0px; padding-left: 0px; margin: 0px; display: inline; padding-right: 0px; border: 0px;\" title=\"Spvgg_tus_2023_10_07_017\" src=\"https:\/\/i0.wp.com\/www.tus-oppenau.de\/fussball\/wp-content\/uploads\/2023\/10\/Spvgg_tus_2023_10_07_017_thumb.jpg?resize=244%2C164&#038;ssl=1\" alt=\"Spvgg_tus_2023_10_07_017\" width=\"244\" height=\"164\" border=\"0\" \/><\/a><a href=\"https:\/\/i0.wp.com\/www.tus-oppenau.de\/fussball\/wp-content\/uploads\/2023\/10\/Spvgg_tus_2023_10_07_018.jpg?ssl=1\"><img data-recalc-dims=\"1\" loading=\"lazy\" decoding=\"async\" style=\"background-image: none; padding-top: 0px; padding-left: 0px; margin: 0px; display: inline; padding-right: 0px; border: 0px;\" title=\"Spvgg_tus_2023_10_07_018\" src=\"https:\/\/i0.wp.com\/www.tus-oppenau.de\/fussball\/wp-content\/uploads\/2023\/10\/Spvgg_tus_2023_10_07_018_thumb.jpg?resize=244%2C164&#038;ssl=1\" alt=\"Spvgg_tus_2023_10_07_018\" width=\"244\" height=\"164\" border=\"0\" \/><\/a><\/p>\n<p>Vielen Dank an <strong>Chiara Torzi<\/strong> f\u00fcr die Bilder vom Ausw\u00e4rtsspiel in Ottenau.<\/p>\n<p><a href=\"https:\/\/i0.wp.com\/www.tus-oppenau.de\/fussball\/wp-content\/uploads\/2023\/10\/Spvgg_tus_2023_10_07_007-1.jpg?ssl=1\"><img data-recalc-dims=\"1\" loading=\"lazy\" decoding=\"async\" style=\"background-image: none; padding-top: 0px; padding-left: 0px; display: inline; padding-right: 0px; border: 0px;\" title=\"Spvgg_tus_2023_10_07_007\" src=\"https:\/\/i0.wp.com\/www.tus-oppenau.de\/fussball\/wp-content\/uploads\/2023\/10\/Spvgg_tus_2023_10_07_007_thumb-1.jpg?resize=474%2C318&#038;ssl=1\" alt=\"Spvgg_tus_2023_10_07_007\" width=\"474\" height=\"318\" border=\"0\" \/><\/a><\/p>\n","protected":false},"excerpt":{"rendered":"<p>Samstag 07.10.2023 Spvgg Ottenau &#8211; TuS Oppenau 1:1 (1:0). Torsch\u00fctzen: Marek Huber Vielen Dank an Chiara Torzi f\u00fcr die Bilder vom Ausw\u00e4rtsspiel in Ottenau.<\/p>\n","protected":false},"author":47,"featured_media":0,"comment_status":"closed","ping_status":"open","sticky":false,"template":"","format":"gallery","meta":{"_jetpack_memberships_contains_paid_content":false,"footnotes":"","jetpack_publicize_message":"","jetpack_publicize_feature_enabled":true,"jetpack_social_post_already_shared":true,"jetpack_social_options":{"image_generator_settings":{"template":"highway","default_image_id":0,"font":"","enabled":false},"version":2}},"categories":[247],"tags":[],"class_list":["post-9992","post","type-post","status-publish","format-gallery","hentry","category-1-mannschaft","post_format-post-format-gallery"],"jetpack_publicize_connections":[],"jetpack_featured_media_url":"","jetpack_sharing_enabled":true,"jetpack_likes_enabled":true,"_links":{"self":[{"href":"https:\/\/www.tus-oppenau.de\/fussball\/wp-json\/wp\/v2\/posts\/9992","targetHints":{"allow":["GET"]}}],"collection":[{"href":"https:\/\/www.tus-oppenau.de\/fussball\/wp-json\/wp\/v2\/posts"}],"about":[{"href":"https:\/\/www.tus-oppenau.de\/fussball\/wp-json\/wp\/v2\/types\/post"}],"author":[{"embeddable":true,"href":"https:\/\/www.tus-oppenau.de\/fussball\/wp-json\/wp\/v2\/users\/47"}],"replies":[{"embeddable":true,"href":"https:\/\/www.tus-oppenau.de\/fussball\/wp-json\/wp\/v2\/comments?post=9992"}],"version-history":[{"count":2,"href":"https:\/\/www.tus-oppenau.de\/fussball\/wp-json\/wp\/v2\/posts\/9992\/revisions"}],"predecessor-version":[{"id":10492,"href":"https:\/\/www.tus-oppenau.de\/fussball\/wp-json\/wp\/v2\/posts\/9992\/revisions\/10492"}],"wp:attachment":[{"href":"https:\/\/www.tus-oppenau.de\/fussball\/wp-json\/wp\/v2\/media?parent=9992"}],"wp:term":[{"taxonomy":"category","embeddable":true,"href":"https:\/\/www.tus-oppenau.de\/fussball\/wp-json\/wp\/v2\/categories?post=9992"},{"taxonomy":"post_tag","embeddable":true,"href":"https:\/\/www.tus-oppenau.de\/fussball\/wp-json\/wp\/v2\/tags?post=9992"}],"curies":[{"name":"wp","href":"https:\/\/api.w.org\/{rel}","templated":true}]}}